{"id":3022,"date":"2024-03-11T17:47:17","date_gmt":"2024-03-11T16:47:17","guid":{"rendered":"https:\/\/loscascosverdes.org\/?p=3022"},"modified":"2024-03-11T18:13:49","modified_gmt":"2024-03-11T17:13:49","slug":"colegio-juan-de-dios-medina-sidonia-cadiz-senderos-verdes-y-reforestacion-voluntaria","status":"publish","type":"post","link":"https:\/\/loscascosverdes.org\/en\/colegio-juan-de-dios-medina-sidonia-cadiz-senderos-verdes-y-reforestacion-voluntaria\/","title":{"rendered":"Colegio Juan de Dios, Medina Sidonia, C\u00e1diz; Senderos verdes y reforestaci\u00f3n voluntaria."},"content":{"rendered":"<div data-elementor-type=\"wp-post\" data-elementor-id=\"3022\" class=\"elementor elementor-3022\" data-elementor-post-type=\"post\">\n\t\t\t\t\t\t<section class=\"elementor-section elementor-top-section elementor-element elementor-element-3e1c9df elementor-section-boxed elementor-section-height-default elementor-section-height-default\" data-id=\"3e1c9df\" data-element_type=\"section\" data-e-type=\"section\">\n\t\t\t\t\t\t<div class=\"elementor-container elementor-column-gap-default\">\n\t\t\t\t\t<div class=\"elementor-column elementor-col-100 elementor-top-column elementor-element elementor-element-a37c79e\" data-id=\"a37c79e\" data-element_type=\"column\" data-e-type=\"column\">\n\t\t\t<div class=\"elementor-widget-wrap elementor-element-populated\">\n\t\t\t\t\t\t<div class=\"elementor-element elementor-element-065279c elementor-widget elementor-widget-image\" data-id=\"065279c\" data-element_type=\"widget\" data-e-type=\"widget\" data-widget_type=\"image.default\">\n\t\t\t\t<div class=\"elementor-widget-container\">\n\t\t\t\t\t\t\t\t\t\t\t\t\t\t\t<img fetchpriority=\"high\" decoding=\"async\" width=\"800\" height=\"534\" src=\"data:image\/gif;base64,R0lGODlhAQABAIAAAAAAAP\/\/\/yH5BAEAAAAALAAAAAABAAEAAAIBRAA7\" data-src=\"https:\/\/loscascosverdes.org\/wp-content\/uploads\/2024\/03\/DSC7455-1024x683.jpg\" class=\"attachment-large size-large wp-image-3034 lazyload\" alt=\"\" data-srcset=\"https:\/\/loscascosverdes.org\/wp-content\/uploads\/2024\/03\/DSC7455-1024x683.jpg 1024w, https:\/\/loscascosverdes.org\/wp-content\/uploads\/2024\/03\/DSC7455-300x200.jpg 300w, https:\/\/loscascosverdes.org\/wp-content\/uploads\/2024\/03\/DSC7455-768x512.jpg 768w, https:\/\/loscascosverdes.org\/wp-content\/uploads\/2024\/03\/DSC7455-1536x1024.jpg 1536w, https:\/\/loscascosverdes.org\/wp-content\/uploads\/2024\/03\/DSC7455-2048x1365.jpg 2048w, https:\/\/loscascosverdes.org\/wp-content\/uploads\/2024\/03\/DSC7455-18x12.jpg 18w\" sizes=\"(max-width: 800px) 100vw, 800px\" \/><noscript><img decoding=\"async\" width=\"800\" height=\"534\" src=\"https:\/\/loscascosverdes.org\/wp-content\/uploads\/2024\/03\/DSC7455-1024x683.jpg\" class=\"attachment-large size-large wp-image-3034 lazyload\" alt=\"\" srcset=\"https:\/\/loscascosverdes.org\/wp-content\/uploads\/2024\/03\/DSC7455-1024x683.jpg 1024w, https:\/\/loscascosverdes.org\/wp-content\/uploads\/2024\/03\/DSC7455-300x200.jpg 300w, https:\/\/loscascosverdes.org\/wp-content\/uploads\/2024\/03\/DSC7455-768x512.jpg 768w, https:\/\/loscascosverdes.org\/wp-content\/uploads\/2024\/03\/DSC7455-1536x1024.jpg 1536w, https:\/\/loscascosverdes.org\/wp-content\/uploads\/2024\/03\/DSC7455-2048x1365.jpg 2048w, https:\/\/loscascosverdes.org\/wp-content\/uploads\/2024\/03\/DSC7455-18x12.jpg 18w\" sizes=\"(max-width: 800px) 100vw, 800px\" \/><\/noscript>\t\t\t\t\t\t\t\t\t\t\t\t\t\t\t<\/div>\n\t\t\t\t<\/div>\n\t\t\t\t\t<\/div>\n\t\t<\/div>\n\t\t\t\t\t<\/div>\n\t\t<\/section>\n\t\t\t\t<section class=\"elementor-section elementor-top-section elementor-element elementor-element-c7f17cf elementor-section-boxed elementor-section-height-default elementor-section-height-default\" data-id=\"c7f17cf\" data-element_type=\"section\" data-e-type=\"section\">\n\t\t\t\t\t\t<div class=\"elementor-container elementor-column-gap-default\">\n\t\t\t\t\t<div class=\"elementor-column elementor-col-100 elementor-top-column elementor-element elementor-element-16a4125\" data-id=\"16a4125\" data-element_type=\"column\" data-e-type=\"column\">\n\t\t\t<div class=\"elementor-widget-wrap elementor-element-populated\">\n\t\t\t\t\t\t<div class=\"elementor-element elementor-element-6cc4e41 elementor-widget elementor-widget-text-editor\" data-id=\"6cc4e41\" data-element_type=\"widget\" data-e-type=\"widget\" data-widget_type=\"text-editor.default\">\n\t\t\t\t<div class=\"elementor-widget-container\">\n\t\t\t\t\t\t\t\t\t<p>\u00a1El IES Juan de Dios impulsa la revitalizaci\u00f3n de caminos y la conservaci\u00f3n ambiental en Medina Sidonia, C\u00e1diz!\u00a0<\/p><p>Nos complace compartir la extraordinaria labor llevada a cabo por los alumnos del IES Juan de Dios en Medina Sidonia, C\u00e1diz, quienes est\u00e1n liderando un proyecto de gran impacto en su comunidad. A trav\u00e9s de su compromiso con el medio ambiente y su pasi\u00f3n por la conservaci\u00f3n del patrimonio hist\u00f3rico, estos estudiantes est\u00e1n transformando la realidad de su entorno de manera significativa.<\/p><p>Una de las iniciativas m\u00e1s destacadas de este proyecto es la rehabilitaci\u00f3n de antiguos caminos rurales por los\u00a0 que algunos ganaderos sol\u00edan transitar con el ganado en \u00e9pocas pasadas. Los alumnos se han dedicado a la tarea de limpiar y despejar estos senderos, retirando la broza y la basura para habilitar su paso una vez m\u00e1s. Esta acci\u00f3n no solo contribuye a la preservaci\u00f3n de la historia y la identidad local, sino que tambi\u00e9n brinda una nueva atracci\u00f3n tur\u00edstica al pueblo, invitando a residentes y visitantes a explorar sus encantadores paisajes.<\/p><p>Pero el trabajo del IES Juan de Dios va m\u00e1s all\u00e1. Los estudiantes han dise\u00f1ado la informaci\u00f3n de la carteler\u00eda y el balizado para delimitar el trazado de estos caminos rehabilitados, garantizando una experiencia segura y agradable para los usuarios. Adem\u00e1s, han mostrado un profundo compromiso con la conservaci\u00f3n de la fauna local al instalar cajas nido en zonas estrat\u00e9gicas para favorecer el anidamiento de aves aut\u00f3ctonas, contribuyendo as\u00ed a la biodiversidad y al equilibrio ecol\u00f3gico del entorno.<\/p><p>Y como si fuera poco, los alumnos tambi\u00e9n han llevado a cabo acciones de reforestaci\u00f3n en \u00e1reas desprovistas de vegetaci\u00f3n arb\u00f3rea, promoviendo la recuperaci\u00f3n de espacios naturales y la mejora de la calidad ambiental en su comunidad. Su dedicaci\u00f3n y esfuerzo est\u00e1n dando frutos tangibles en la restauraci\u00f3n y protecci\u00f3n del entorno natural de Medina Sidonia.<\/p><p>Felicitamos a los estudiantes del IES Juan de Dios por su destacado liderazgo y compromiso con la conservaci\u00f3n ambiental y la revitalizaci\u00f3n comunitaria. Su trabajo ejemplar es un testimonio inspirador del poder transformador de la educaci\u00f3n y la acci\u00f3n colectiva en la construcci\u00f3n de un futuro m\u00e1s sostenible y resiliente para todos.<\/p><p>\u00a1Sigamos apoyando y celebrando iniciativas como estas que promueven el cuidado de nuestro planeta y el bienestar de nuestras comunidades locales!<\/p>\t\t\t\t\t\t\t\t<\/div>\n\t\t\t\t<\/div>\n\t\t\t\t\t<\/div>\n\t\t<\/div>\n\t\t\t\t\t<\/div>\n\t\t<\/section>\n\t\t\t\t<section class=\"elementor-section elementor-top-section elementor-element elementor-element-2aa4360 elementor-section-boxed elementor-section-height-default elementor-section-height-default\" data-id=\"2aa4360\" data-element_type=\"section\" data-e-type=\"section\">\n\t\t\t\t\t\t<div class=\"elementor-container elementor-column-gap-default\">\n\t\t\t\t\t<div class=\"elementor-column elementor-col-100 elementor-top-column elementor-element elementor-element-33b3dbe\" data-id=\"33b3dbe\" data-element_type=\"column\" data-e-type=\"column\">\n\t\t\t<div class=\"elementor-widget-wrap elementor-element-populated\">\n\t\t\t\t\t\t<div class=\"elementor-element elementor-element-32e612c elementor-skin-carousel elementor-arrows-yes elementor-pagination-type-bullets elementor-pagination-position-outside elementor-widget elementor-widget-media-carousel\" data-id=\"32e612c\" data-element_type=\"widget\" data-e-type=\"widget\" data-settings=\"{&quot;skin&quot;:&quot;carousel&quot;,&quot;effect&quot;:&quot;slide&quot;,&quot;show_arrows&quot;:&quot;yes&quot;,&quot;pagination&quot;:&quot;bullets&quot;,&quot;speed&quot;:500,&quot;autoplay&quot;:&quot;yes&quot;,&quot;autoplay_speed&quot;:5000,&quot;loop&quot;:&quot;yes&quot;,&quot;pause_on_hover&quot;:&quot;yes&quot;,&quot;pause_on_interaction&quot;:&quot;yes&quot;,&quot;space_between&quot;:{&quot;unit&quot;:&quot;px&quot;,&quot;size&quot;:10,&quot;sizes&quot;:[]},&quot;space_between_tablet&quot;:{&quot;unit&quot;:&quot;px&quot;,&quot;size&quot;:10,&quot;sizes&quot;:[]},&quot;space_between_mobile&quot;:{&quot;unit&quot;:&quot;px&quot;,&quot;size&quot;:10,&quot;sizes&quot;:[]}}\" data-widget_type=\"media-carousel.default\">\n\t\t\t\t<div class=\"elementor-widget-container\">\n\t\t\t\t\t\t\t<div class=\"elementor-swiper\">\n\t\t\t<div class=\"elementor-main-swiper swiper-container\">\n\t\t\t\t<div class=\"swiper-wrapper\">\n\t\t\t\t\t\t\t\t\t\t\t<div class=\"swiper-slide\">\n\t\t\t\t\t\t\t\t\t<div class=\"elementor-carousel-image\" role=\"img\" aria-label=\"_DSC7454\" style=\"background-image: url(&#039;https:\/\/loscascosverdes.org\/wp-content\/uploads\/2024\/03\/DSC7454-scaled.jpg&#039;)\">\n\n\t\t\t\n\t\t\t\t\t<\/div>\n\t\t\t\t\t\t\t\t<\/div>\n\t\t\t\t\t\t\t\t\t\t\t<div class=\"swiper-slide\">\n\t\t\t\t\t\t\t\t\t<div class=\"elementor-carousel-image\" role=\"img\" aria-label=\"_DSC7450\" style=\"background-image: url(&#039;https:\/\/loscascosverdes.org\/wp-content\/uploads\/2024\/03\/DSC7450-scaled.jpg&#039;)\">\n\n\t\t\t\n\t\t\t\t\t<\/div>\n\t\t\t\t\t\t\t\t<\/div>\n\t\t\t\t\t\t\t\t\t\t\t<div class=\"swiper-slide\">\n\t\t\t\t\t\t\t\t\t<div class=\"elementor-carousel-image\" role=\"img\" aria-label=\"_DSC7451\" style=\"background-image: url(&#039;https:\/\/loscascosverdes.org\/wp-content\/uploads\/2024\/03\/DSC7451-scaled.jpg&#039;)\">\n\n\t\t\t\n\t\t\t\t\t<\/div>\n\t\t\t\t\t\t\t\t<\/div>\n\t\t\t\t\t\t\t\t\t\t\t<div class=\"swiper-slide\">\n\t\t\t\t\t\t\t\t\t<div class=\"elementor-carousel-image\" role=\"img\" aria-label=\"_DSC7444\" style=\"background-image: url(&#039;https:\/\/loscascosverdes.org\/wp-content\/uploads\/2024\/03\/DSC7444-scaled.jpg&#039;)\">\n\n\t\t\t\n\t\t\t\t\t<\/div>\n\t\t\t\t\t\t\t\t<\/div>\n\t\t\t\t\t\t\t\t\t\t\t<div class=\"swiper-slide\">\n\t\t\t\t\t\t\t\t\t<div class=\"elementor-carousel-image\" role=\"img\" aria-label=\"_DSC7443\" style=\"background-image: url(&#039;https:\/\/loscascosverdes.org\/wp-content\/uploads\/2024\/03\/DSC7443-scaled.jpg&#039;)\">\n\n\t\t\t\n\t\t\t\t\t<\/div>\n\t\t\t\t\t\t\t\t<\/div>\n\t\t\t\t\t\t\t\t\t\t\t<div class=\"swiper-slide\">\n\t\t\t\t\t\t\t\t\t<div class=\"elementor-carousel-image\" role=\"img\" aria-label=\"_DSC7440\" style=\"background-image: url(&#039;https:\/\/loscascosverdes.org\/wp-content\/uploads\/2024\/03\/DSC7440-scaled.jpg&#039;)\">\n\n\t\t\t\n\t\t\t\t\t<\/div>\n\t\t\t\t\t\t\t\t<\/div>\n\t\t\t\t\t\t\t\t\t\t\t<div class=\"swiper-slide\">\n\t\t\t\t\t\t\t\t\t<div class=\"elementor-carousel-image\" role=\"img\" aria-label=\"_DSC7438\" style=\"background-image: url(&#039;https:\/\/loscascosverdes.org\/wp-content\/uploads\/2024\/03\/DSC7438-scaled.jpg&#039;)\">\n\n\t\t\t\n\t\t\t\t\t<\/div>\n\t\t\t\t\t\t\t\t<\/div>\n\t\t\t\t\t\t\t\t\t<\/div>\n\t\t\t\t\t\t\t\t\t\t\t\t\t\t\t<div class=\"swiper-pagination\"><\/div>\n\t\t\t\t\t\t\t\t\t\t\t\t\t\t\t\t<div class=\"elementor-swiper-button elementor-swiper-button-prev\" role=\"button\" tabindex=\"0\">\n\t\t\t\t\t\t\t<i aria-hidden=\"true\" class=\"eicon-chevron-left\"><\/i>\t\t\t\t\t\t\t<span class=\"elementor-screen-only\">Anterior<\/span>\n\t\t\t\t\t\t<\/div>\n\t\t\t\t\t\t<div class=\"elementor-swiper-button elementor-swiper-button-next\" role=\"button\" tabindex=\"0\">\n\t\t\t\t\t\t\t<i aria-hidden=\"true\" class=\"eicon-chevron-right\"><\/i>\t\t\t\t\t\t\t<span class=\"elementor-screen-only\">Siguiente<\/span>\n\t\t\t\t\t\t<\/div>\n\t\t\t\t\t\t\t\t\t\t\t\t<\/div>\n\t\t<\/div>\n\t\t\t\t\t\t<\/div>\n\t\t\t\t<\/div>\n\t\t\t\t\t<\/div>\n\t\t<\/div>\n\t\t\t\t\t<\/div>\n\t\t<\/section>\n\t\t\t\t<\/div>","protected":false},"excerpt":{"rendered":"<p>\u00a1El IES Juan de Dios impulsa la revitalizaci\u00f3n de caminos y la conservaci\u00f3n ambiental en Medina Sidonia, C\u00e1diz!\u00a0 Nos complace compartir la extraordinaria labor llevada a cabo por los alumnos del IES Juan de Dios en Medina Sidonia, C\u00e1diz, quienes est\u00e1n liderando un proyecto de gran impacto en su comunidad. A trav\u00e9s de su compromiso [&hellip;]<\/p>\n","protected":false},"author":4,"featured_media":3031,"comment_status":"closed","ping_status":"closed","sticky":false,"template":"","format":"standard","meta":{"footnotes":""},"categories":[17],"tags":[],"class_list":["post-3022","post","type-post","status-publish","format-standard","has-post-thumbnail","hentry","category-noticias"],"yoast_head":"<!-- This site is optimized with the Yoast SEO plugin v27.0 - https:\/\/yoast.com\/product\/yoast-seo-wordpress\/ -->\n<title>Colegio Juan de Dios, Medina Sidonia, C\u00e1diz; Senderos verdes y reforestaci\u00f3n voluntaria. - Los Cascos Verdes<\/title>\n<meta name=\"robots\" content=\"index, follow, max-snippet:-1, max-image-preview:large, max-video-preview:-1\" \/>\n<link rel=\"canonical\" href=\"https:\/\/loscascosverdes.org\/en\/colegio-juan-de-dios-medina-sidonia-cadiz-senderos-verdes-y-reforestacion-voluntaria\/\" \/>\n<meta property=\"og:locale\" content=\"en_US\" \/>\n<meta property=\"og:type\" content=\"article\" \/>\n<meta property=\"og:title\" content=\"Colegio Juan de Dios, Medina Sidonia, C\u00e1diz; Senderos verdes y reforestaci\u00f3n voluntaria. - Los Cascos Verdes\" \/>\n<meta property=\"og:description\" content=\"\u00a1El IES Juan de Dios impulsa la revitalizaci\u00f3n de caminos y la conservaci\u00f3n ambiental en Medina Sidonia, C\u00e1diz!\u00a0 Nos complace compartir la extraordinaria labor llevada a cabo por los alumnos del IES Juan de Dios en Medina Sidonia, C\u00e1diz, quienes est\u00e1n liderando un proyecto de gran impacto en su comunidad. A trav\u00e9s de su compromiso [&hellip;]\" \/>\n<meta property=\"og:url\" content=\"https:\/\/loscascosverdes.org\/en\/colegio-juan-de-dios-medina-sidonia-cadiz-senderos-verdes-y-reforestacion-voluntaria\/\" \/>\n<meta property=\"og:site_name\" content=\"Los Cascos Verdes\" \/>\n<meta property=\"article:publisher\" content=\"https:\/\/facebook.com\/Cascos_Verdes\" \/>\n<meta property=\"article:published_time\" content=\"2024-03-11T16:47:17+00:00\" \/>\n<meta property=\"article:modified_time\" content=\"2024-03-11T17:13:49+00:00\" \/>\n<meta property=\"og:image\" content=\"https:\/\/loscascosverdes.org\/wp-content\/uploads\/2024\/03\/DSC7451-scaled.jpg\" \/>\n\t<meta property=\"og:image:width\" content=\"2560\" \/>\n\t<meta property=\"og:image:height\" content=\"1707\" \/>\n\t<meta property=\"og:image:type\" content=\"image\/jpeg\" \/>\n<meta name=\"author\" content=\"Los Cascos Verdes The Green Helmets\" \/>\n<meta name=\"twitter:card\" content=\"summary_large_image\" \/>\n<meta name=\"twitter:label1\" content=\"Written by\" \/>\n\t<meta name=\"twitter:data1\" content=\"Los Cascos Verdes The Green Helmets\" \/>\n\t<meta name=\"twitter:label2\" content=\"Est. reading time\" \/>\n\t<meta name=\"twitter:data2\" content=\"3 minutes\" \/>\n<script type=\"application\/ld+json\" class=\"yoast-schema-graph\">{\"@context\":\"https:\/\/schema.org\",\"@graph\":[{\"@type\":\"Article\",\"@id\":\"https:\/\/loscascosverdes.org\/colegio-juan-de-dios-medina-sidonia-cadiz-senderos-verdes-y-reforestacion-voluntaria\/#article\",\"isPartOf\":{\"@id\":\"https:\/\/loscascosverdes.org\/colegio-juan-de-dios-medina-sidonia-cadiz-senderos-verdes-y-reforestacion-voluntaria\/\"},\"author\":{\"name\":\"Los Cascos Verdes The Green Helmets\",\"@id\":\"https:\/\/loscascosverdes.org\/#\/schema\/person\/6a9c9f58e334cbe7ba6fd5a638c916ea\"},\"headline\":\"Colegio Juan de Dios, Medina Sidonia, C\u00e1diz; Senderos verdes y reforestaci\u00f3n voluntaria.\",\"datePublished\":\"2024-03-11T16:47:17+00:00\",\"dateModified\":\"2024-03-11T17:13:49+00:00\",\"mainEntityOfPage\":{\"@id\":\"https:\/\/loscascosverdes.org\/colegio-juan-de-dios-medina-sidonia-cadiz-senderos-verdes-y-reforestacion-voluntaria\/\"},\"wordCount\":437,\"publisher\":{\"@id\":\"https:\/\/loscascosverdes.org\/#organization\"},\"image\":{\"@id\":\"https:\/\/loscascosverdes.org\/colegio-juan-de-dios-medina-sidonia-cadiz-senderos-verdes-y-reforestacion-voluntaria\/#primaryimage\"},\"thumbnailUrl\":\"https:\/\/loscascosverdes.org\/wp-content\/uploads\/2024\/03\/DSC7451-scaled.jpg\",\"articleSection\":[\"Noticias\"],\"inLanguage\":\"en-US\"},{\"@type\":\"WebPage\",\"@id\":\"https:\/\/loscascosverdes.org\/colegio-juan-de-dios-medina-sidonia-cadiz-senderos-verdes-y-reforestacion-voluntaria\/\",\"url\":\"https:\/\/loscascosverdes.org\/colegio-juan-de-dios-medina-sidonia-cadiz-senderos-verdes-y-reforestacion-voluntaria\/\",\"name\":\"Colegio Juan de Dios, Medina Sidonia, C\u00e1diz; Senderos verdes y reforestaci\u00f3n voluntaria. - Los Cascos Verdes\",\"isPartOf\":{\"@id\":\"https:\/\/loscascosverdes.org\/#website\"},\"primaryImageOfPage\":{\"@id\":\"https:\/\/loscascosverdes.org\/colegio-juan-de-dios-medina-sidonia-cadiz-senderos-verdes-y-reforestacion-voluntaria\/#primaryimage\"},\"image\":{\"@id\":\"https:\/\/loscascosverdes.org\/colegio-juan-de-dios-medina-sidonia-cadiz-senderos-verdes-y-reforestacion-voluntaria\/#primaryimage\"},\"thumbnailUrl\":\"https:\/\/loscascosverdes.org\/wp-content\/uploads\/2024\/03\/DSC7451-scaled.jpg\",\"datePublished\":\"2024-03-11T16:47:17+00:00\",\"dateModified\":\"2024-03-11T17:13:49+00:00\",\"breadcrumb\":{\"@id\":\"https:\/\/loscascosverdes.org\/colegio-juan-de-dios-medina-sidonia-cadiz-senderos-verdes-y-reforestacion-voluntaria\/#breadcrumb\"},\"inLanguage\":\"en-US\",\"potentialAction\":[{\"@type\":\"ReadAction\",\"target\":[\"https:\/\/loscascosverdes.org\/colegio-juan-de-dios-medina-sidonia-cadiz-senderos-verdes-y-reforestacion-voluntaria\/\"]}]},{\"@type\":\"ImageObject\",\"inLanguage\":\"en-US\",\"@id\":\"https:\/\/loscascosverdes.org\/colegio-juan-de-dios-medina-sidonia-cadiz-senderos-verdes-y-reforestacion-voluntaria\/#primaryimage\",\"url\":\"https:\/\/loscascosverdes.org\/wp-content\/uploads\/2024\/03\/DSC7451-scaled.jpg\",\"contentUrl\":\"https:\/\/loscascosverdes.org\/wp-content\/uploads\/2024\/03\/DSC7451-scaled.jpg\",\"width\":2560,\"height\":1707},{\"@type\":\"BreadcrumbList\",\"@id\":\"https:\/\/loscascosverdes.org\/colegio-juan-de-dios-medina-sidonia-cadiz-senderos-verdes-y-reforestacion-voluntaria\/#breadcrumb\",\"itemListElement\":[{\"@type\":\"ListItem\",\"position\":1,\"name\":\"Portada\",\"item\":\"https:\/\/loscascosverdes.org\/\"},{\"@type\":\"ListItem\",\"position\":2,\"name\":\"Colegio Juan de Dios, Medina Sidonia, C\u00e1diz; Senderos verdes y reforestaci\u00f3n voluntaria.\"}]},{\"@type\":\"WebSite\",\"@id\":\"https:\/\/loscascosverdes.org\/#website\",\"url\":\"https:\/\/loscascosverdes.org\/\",\"name\":\"Los Cascos Verdes\",\"description\":\"Cascos Verdes es un proyecto inspirado en los Cascos Azules de Naciones Unidas que busca abrir un espacio ciudadano para unir a miles de personas que quieran trabajar por la sostenibilidad del planeta.\",\"publisher\":{\"@id\":\"https:\/\/loscascosverdes.org\/#organization\"},\"alternateName\":\"Cascos Verdes\",\"potentialAction\":[{\"@type\":\"SearchAction\",\"target\":{\"@type\":\"EntryPoint\",\"urlTemplate\":\"https:\/\/loscascosverdes.org\/?s={search_term_string}\"},\"query-input\":{\"@type\":\"PropertyValueSpecification\",\"valueRequired\":true,\"valueName\":\"search_term_string\"}}],\"inLanguage\":\"en-US\"},{\"@type\":\"Organization\",\"@id\":\"https:\/\/loscascosverdes.org\/#organization\",\"name\":\"Los Cascos Verdes\",\"alternateName\":\"Cascos Verdes\",\"url\":\"https:\/\/loscascosverdes.org\/\",\"logo\":{\"@type\":\"ImageObject\",\"inLanguage\":\"en-US\",\"@id\":\"https:\/\/loscascosverdes.org\/#\/schema\/logo\/image\/\",\"url\":\"https:\/\/loscascosverdes.org\/wp-content\/uploads\/2023\/02\/cropped-iconolvc-1.png\",\"contentUrl\":\"https:\/\/loscascosverdes.org\/wp-content\/uploads\/2023\/02\/cropped-iconolvc-1.png\",\"width\":512,\"height\":512,\"caption\":\"Los Cascos Verdes\"},\"image\":{\"@id\":\"https:\/\/loscascosverdes.org\/#\/schema\/logo\/image\/\"},\"sameAs\":[\"https:\/\/facebook.com\/Cascos_Verdes\",\"https:\/\/www.linkedin.com\/in\/cascos-verdes-155479267\/\",\"https:\/\/www.tiktok.com\/@cascos_verdes\",\"https:\/\/www.twitch.tv\/cascos_verdes\",\"https:\/\/www.instagram.com\/cascos_verdes\/\"]},{\"@type\":\"Person\",\"@id\":\"https:\/\/loscascosverdes.org\/#\/schema\/person\/6a9c9f58e334cbe7ba6fd5a638c916ea\",\"name\":\"Los Cascos Verdes The Green Helmets\",\"image\":{\"@type\":\"ImageObject\",\"inLanguage\":\"en-US\",\"@id\":\"https:\/\/loscascosverdes.org\/#\/schema\/person\/image\/\",\"url\":\"https:\/\/secure.gravatar.com\/avatar\/31b5f7061e1f0ca85f4bca54d12726aa47a111cbbfa11f5dd41638fb6bc37e03?s=96&d=mm&r=g\",\"contentUrl\":\"https:\/\/secure.gravatar.com\/avatar\/31b5f7061e1f0ca85f4bca54d12726aa47a111cbbfa11f5dd41638fb6bc37e03?s=96&d=mm&r=g\",\"caption\":\"Los Cascos Verdes The Green Helmets\"}}]}<\/script>\n<!-- \/ Yoast SEO plugin. -->","yoast_head_json":{"title":"Colegio Juan de Dios, Medina Sidonia, C\u00e1diz; Senderos verdes y reforestaci\u00f3n voluntaria. - Los Cascos Verdes","robots":{"index":"index","follow":"follow","max-snippet":"max-snippet:-1","max-image-preview":"max-image-preview:large","max-video-preview":"max-video-preview:-1"},"canonical":"https:\/\/loscascosverdes.org\/en\/colegio-juan-de-dios-medina-sidonia-cadiz-senderos-verdes-y-reforestacion-voluntaria\/","og_locale":"en_US","og_type":"article","og_title":"Colegio Juan de Dios, Medina Sidonia, C\u00e1diz; Senderos verdes y reforestaci\u00f3n voluntaria. - Los Cascos Verdes","og_description":"\u00a1El IES Juan de Dios impulsa la revitalizaci\u00f3n de caminos y la conservaci\u00f3n ambiental en Medina Sidonia, C\u00e1diz!\u00a0 Nos complace compartir la extraordinaria labor llevada a cabo por los alumnos del IES Juan de Dios en Medina Sidonia, C\u00e1diz, quienes est\u00e1n liderando un proyecto de gran impacto en su comunidad. A trav\u00e9s de su compromiso [&hellip;]","og_url":"https:\/\/loscascosverdes.org\/en\/colegio-juan-de-dios-medina-sidonia-cadiz-senderos-verdes-y-reforestacion-voluntaria\/","og_site_name":"Los Cascos Verdes","article_publisher":"https:\/\/facebook.com\/Cascos_Verdes","article_published_time":"2024-03-11T16:47:17+00:00","article_modified_time":"2024-03-11T17:13:49+00:00","og_image":[{"width":2560,"height":1707,"url":"https:\/\/loscascosverdes.org\/wp-content\/uploads\/2024\/03\/DSC7451-scaled.jpg","type":"image\/jpeg"}],"author":"Los Cascos Verdes The Green Helmets","twitter_card":"summary_large_image","twitter_misc":{"Written by":"Los Cascos Verdes The Green Helmets","Est. reading time":"3 minutes"},"schema":{"@context":"https:\/\/schema.org","@graph":[{"@type":"Article","@id":"https:\/\/loscascosverdes.org\/colegio-juan-de-dios-medina-sidonia-cadiz-senderos-verdes-y-reforestacion-voluntaria\/#article","isPartOf":{"@id":"https:\/\/loscascosverdes.org\/colegio-juan-de-dios-medina-sidonia-cadiz-senderos-verdes-y-reforestacion-voluntaria\/"},"author":{"name":"Los Cascos Verdes The Green Helmets","@id":"https:\/\/loscascosverdes.org\/#\/schema\/person\/6a9c9f58e334cbe7ba6fd5a638c916ea"},"headline":"Colegio Juan de Dios, Medina Sidonia, C\u00e1diz; Senderos verdes y reforestaci\u00f3n voluntaria.","datePublished":"2024-03-11T16:47:17+00:00","dateModified":"2024-03-11T17:13:49+00:00","mainEntityOfPage":{"@id":"https:\/\/loscascosverdes.org\/colegio-juan-de-dios-medina-sidonia-cadiz-senderos-verdes-y-reforestacion-voluntaria\/"},"wordCount":437,"publisher":{"@id":"https:\/\/loscascosverdes.org\/#organization"},"image":{"@id":"https:\/\/loscascosverdes.org\/colegio-juan-de-dios-medina-sidonia-cadiz-senderos-verdes-y-reforestacion-voluntaria\/#primaryimage"},"thumbnailUrl":"https:\/\/loscascosverdes.org\/wp-content\/uploads\/2024\/03\/DSC7451-scaled.jpg","articleSection":["Noticias"],"inLanguage":"en-US"},{"@type":"WebPage","@id":"https:\/\/loscascosverdes.org\/colegio-juan-de-dios-medina-sidonia-cadiz-senderos-verdes-y-reforestacion-voluntaria\/","url":"https:\/\/loscascosverdes.org\/colegio-juan-de-dios-medina-sidonia-cadiz-senderos-verdes-y-reforestacion-voluntaria\/","name":"Colegio Juan de Dios, Medina Sidonia, C\u00e1diz; Senderos verdes y reforestaci\u00f3n voluntaria. - Los Cascos Verdes","isPartOf":{"@id":"https:\/\/loscascosverdes.org\/#website"},"primaryImageOfPage":{"@id":"https:\/\/loscascosverdes.org\/colegio-juan-de-dios-medina-sidonia-cadiz-senderos-verdes-y-reforestacion-voluntaria\/#primaryimage"},"image":{"@id":"https:\/\/loscascosverdes.org\/colegio-juan-de-dios-medina-sidonia-cadiz-senderos-verdes-y-reforestacion-voluntaria\/#primaryimage"},"thumbnailUrl":"https:\/\/loscascosverdes.org\/wp-content\/uploads\/2024\/03\/DSC7451-scaled.jpg","datePublished":"2024-03-11T16:47:17+00:00","dateModified":"2024-03-11T17:13:49+00:00","breadcrumb":{"@id":"https:\/\/loscascosverdes.org\/colegio-juan-de-dios-medina-sidonia-cadiz-senderos-verdes-y-reforestacion-voluntaria\/#breadcrumb"},"inLanguage":"en-US","potentialAction":[{"@type":"ReadAction","target":["https:\/\/loscascosverdes.org\/colegio-juan-de-dios-medina-sidonia-cadiz-senderos-verdes-y-reforestacion-voluntaria\/"]}]},{"@type":"ImageObject","inLanguage":"en-US","@id":"https:\/\/loscascosverdes.org\/colegio-juan-de-dios-medina-sidonia-cadiz-senderos-verdes-y-reforestacion-voluntaria\/#primaryimage","url":"https:\/\/loscascosverdes.org\/wp-content\/uploads\/2024\/03\/DSC7451-scaled.jpg","contentUrl":"https:\/\/loscascosverdes.org\/wp-content\/uploads\/2024\/03\/DSC7451-scaled.jpg","width":2560,"height":1707},{"@type":"BreadcrumbList","@id":"https:\/\/loscascosverdes.org\/colegio-juan-de-dios-medina-sidonia-cadiz-senderos-verdes-y-reforestacion-voluntaria\/#breadcrumb","itemListElement":[{"@type":"ListItem","position":1,"name":"Portada","item":"https:\/\/loscascosverdes.org\/"},{"@type":"ListItem","position":2,"name":"Colegio Juan de Dios, Medina Sidonia, C\u00e1diz; Senderos verdes y reforestaci\u00f3n voluntaria."}]},{"@type":"WebSite","@id":"https:\/\/loscascosverdes.org\/#website","url":"https:\/\/loscascosverdes.org\/","name":"Los Cascos Verdes","description":"Cascos Verdes es un proyecto inspirado en los Cascos Azules de Naciones Unidas que busca abrir un espacio ciudadano para unir a miles de personas que quieran trabajar por la sostenibilidad del planeta.","publisher":{"@id":"https:\/\/loscascosverdes.org\/#organization"},"alternateName":"Cascos Verdes","potentialAction":[{"@type":"SearchAction","target":{"@type":"EntryPoint","urlTemplate":"https:\/\/loscascosverdes.org\/?s={search_term_string}"},"query-input":{"@type":"PropertyValueSpecification","valueRequired":true,"valueName":"search_term_string"}}],"inLanguage":"en-US"},{"@type":"Organization","@id":"https:\/\/loscascosverdes.org\/#organization","name":"Los Cascos Verdes","alternateName":"Cascos Verdes","url":"https:\/\/loscascosverdes.org\/","logo":{"@type":"ImageObject","inLanguage":"en-US","@id":"https:\/\/loscascosverdes.org\/#\/schema\/logo\/image\/","url":"https:\/\/loscascosverdes.org\/wp-content\/uploads\/2023\/02\/cropped-iconolvc-1.png","contentUrl":"https:\/\/loscascosverdes.org\/wp-content\/uploads\/2023\/02\/cropped-iconolvc-1.png","width":512,"height":512,"caption":"Los Cascos Verdes"},"image":{"@id":"https:\/\/loscascosverdes.org\/#\/schema\/logo\/image\/"},"sameAs":["https:\/\/facebook.com\/Cascos_Verdes","https:\/\/www.linkedin.com\/in\/cascos-verdes-155479267\/","https:\/\/www.tiktok.com\/@cascos_verdes","https:\/\/www.twitch.tv\/cascos_verdes","https:\/\/www.instagram.com\/cascos_verdes\/"]},{"@type":"Person","@id":"https:\/\/loscascosverdes.org\/#\/schema\/person\/6a9c9f58e334cbe7ba6fd5a638c916ea","name":"Los Cascos Verdes The Green Helmets","image":{"@type":"ImageObject","inLanguage":"en-US","@id":"https:\/\/loscascosverdes.org\/#\/schema\/person\/image\/","url":"https:\/\/secure.gravatar.com\/avatar\/31b5f7061e1f0ca85f4bca54d12726aa47a111cbbfa11f5dd41638fb6bc37e03?s=96&d=mm&r=g","contentUrl":"https:\/\/secure.gravatar.com\/avatar\/31b5f7061e1f0ca85f4bca54d12726aa47a111cbbfa11f5dd41638fb6bc37e03?s=96&d=mm&r=g","caption":"Los Cascos Verdes The Green Helmets"}}]}},"_links":{"self":[{"href":"https:\/\/loscascosverdes.org\/en\/wp-json\/wp\/v2\/posts\/3022","targetHints":{"allow":["GET"]}}],"collection":[{"href":"https:\/\/loscascosverdes.org\/en\/wp-json\/wp\/v2\/posts"}],"about":[{"href":"https:\/\/loscascosverdes.org\/en\/wp-json\/wp\/v2\/types\/post"}],"author":[{"embeddable":true,"href":"https:\/\/loscascosverdes.org\/en\/wp-json\/wp\/v2\/users\/4"}],"replies":[{"embeddable":true,"href":"https:\/\/loscascosverdes.org\/en\/wp-json\/wp\/v2\/comments?post=3022"}],"version-history":[{"count":0,"href":"https:\/\/loscascosverdes.org\/en\/wp-json\/wp\/v2\/posts\/3022\/revisions"}],"wp:featuredmedia":[{"embeddable":true,"href":"https:\/\/loscascosverdes.org\/en\/wp-json\/wp\/v2\/media\/3031"}],"wp:attachment":[{"href":"https:\/\/loscascosverdes.org\/en\/wp-json\/wp\/v2\/media?parent=3022"}],"wp:term":[{"taxonomy":"category","embeddable":true,"href":"https:\/\/loscascosverdes.org\/en\/wp-json\/wp\/v2\/categories?post=3022"},{"taxonomy":"post_tag","embeddable":true,"href":"https:\/\/loscascosverdes.org\/en\/wp-json\/wp\/v2\/tags?post=3022"}],"curies":[{"name":"wp","href":"https:\/\/api.w.org\/{rel}","templated":true}]}}