{"id":2649,"date":"2023-08-04T12:04:45","date_gmt":"2023-08-04T11:04:45","guid":{"rendered":"https:\/\/loscascosverdes.org\/?p=2649"},"modified":"2023-08-04T12:06:22","modified_gmt":"2023-08-04T11:06:22","slug":"unete-a-la-gran-mision-de-reforestar-sierra-bermeja","status":"publish","type":"post","link":"https:\/\/loscascosverdes.org\/en\/unete-a-la-gran-mision-de-reforestar-sierra-bermeja\/","title":{"rendered":"\u00a1\u00danete a la gran misi\u00f3n de reforestar Sierra Bermeja!"},"content":{"rendered":"<div class=\"wp-block-image\">\n<figure class=\"aligncenter size-full\"><img decoding=\"async\" src=\"data:image\/gif;base64,R0lGODlhAQABAIAAAAAAAP\/\/\/yH5BAEAAAAALAAAAAABAAEAAAIBRAA7\" data-src=\"https:\/\/loscascosverdes.org\/wp-content\/uploads\/2023\/08\/photo1667688415-1.jpeg\" alt=\"\" class=\"wp-image-2650 lazyload\"\/><noscript><img fetchpriority=\"high\" decoding=\"async\" width=\"800\" height=\"534\" src=\"https:\/\/loscascosverdes.org\/wp-content\/uploads\/2023\/08\/photo1667688415-1.jpeg\" alt=\"\" class=\"wp-image-2650 lazyload\" srcset=\"https:\/\/loscascosverdes.org\/wp-content\/uploads\/2023\/08\/photo1667688415-1.jpeg 800w, https:\/\/loscascosverdes.org\/wp-content\/uploads\/2023\/08\/photo1667688415-1-300x200.jpeg 300w, https:\/\/loscascosverdes.org\/wp-content\/uploads\/2023\/08\/photo1667688415-1-768x513.jpeg 768w\" sizes=\"(max-width: 800px) 100vw, 800px\" \/><\/noscript><\/figure>\n<\/div>\n\n\n<p><\/p>\n\n\n\n<p>Tras el devastador incendio que afect\u00f3 a nuestra querida Sierra Bermeja en 2021, es momento de actuar y marcar la diferencia. El impacto del fuego en el ecosistema ha sido significativo, dejando \u00e1reas degradadas y desprovistas de vegetaci\u00f3n en las que los procesos erosivos y de desertificaci\u00f3n son muy potentes. Pero con tu ayuda, podemos cambiar esta situaci\u00f3n.<\/p>\n\n\n\n<p>CIFAL M\u00e1laga te invita a ser parte del voluntariado que llevar\u00e1 a cabo jornadas de reforestaci\u00f3n en los meses de Octubre, Noviembre, Diciembre y Enero. La convocatoria est\u00e1 abierta para todos: colegios, grupos, asociaciones, empresas privadas y cualquier persona con el deseo de contribuir en la recuperaci\u00f3n de este espacio forestal que constituye uno de los pulmones verdes m\u00e1s extensos de la provincia de M\u00e1laga.<\/p>\n\n\n\n<p>El objetivo es claro: devolverle a Sierra Bermeja su esplendor. Junto a nuestros expertos en restauraci\u00f3n ecol\u00f3gica y dinamizadores ambientales, podr\u00e1s ser parte activa de la reforestaci\u00f3n, plantando \u00e1rboles y lanzando bombas de semillas de especies aut\u00f3ctonas que enriquecer\u00e1n el suelo, atraer\u00e1n vida silvestre y contribuir\u00e1n al equilibrio del ecosistema.<\/p>\n\n\n\n<p>Cada \u00e1rbol o semilla que plantes en su lugar, ser\u00e1 un paso hacia la regeneraci\u00f3n de este maravilloso entorno. Es una oportunidad \u00fanica para poner tu granito de arena y dejar una huella positiva en el futuro de Sierra Bermeja, M\u00e1laga y el planeta tierra en general.<\/p>\n\n\n\n<p>As\u00ed que \u00a1\u00fanete a nuestra causa! Suma tu energ\u00eda, entusiasmo y compromiso a esta jornada de reforestaci\u00f3n. Juntos, podemos construir un legado de cuidado y respeto por nuestra naturaleza. \u00a1Te esperamos!<\/p>\n\n\n\n<p>Fecha: Desde finales de Octubre de 2023 hasta mediados de Enero de 2024.&nbsp;<\/p>\n\n\n\n<p>Horario: Preferiblemente por la ma\u00f1ana o al final de la tarde para evitar las horas de m\u00e1xima insolaci\u00f3n.<\/p>\n\n\n\n<p>Lugar: Estepona, Casares, Genalguacil \u00f3 J\u00fazcar (Sierra Bermeja, M\u00e1laga).<\/p>\n\n\n\n<p>*<em>Las fechas y horas se adaptar\u00e1n a las necesidades del voluntariado implicado en el proyecto y todo ello se har\u00e1 para cumplir con las directrices de los \u00f3rganos supervisores encargados de la conservaci\u00f3n del espacio natural.<\/em><\/p>\n\n\n\n<p><a href=\"https:\/\/loscascosverdes.org\/en\/voluntariado\/\">\u00a1Inscr\u00edbete ahora y s\u00e9 parte del cambio!<\/a> Cont\u00e1ctanos para m\u00e1s informaci\u00f3n y reserva tu plaza para disfrutar de un maravilloso d\u00eda de campo junto a otros voluntarios que como t\u00fa, quieren participar en el nuevo resurgir de este magn\u00edfico bosque.<\/p>\n\n\n\n<p>Email: info@loscascosverdes.org<\/p>\n\n\n\n<p>Tel\u00e9fono: 610612514<\/p>\n\n\n\n<p>\u00a1Juntos conseguiremos que Sierra Bermeja recupere su vegetaci\u00f3n y crearemos un futuro m\u00e1s verde y sostenible para todos! \u00a1Te esperamos, convi\u00e9rtete en un casco verde!<\/p>\n\n\n<div class=\"wp-block-image\">\n<figure class=\"aligncenter size-large\"><img decoding=\"async\" class=\"lazyload\" src=\"data:image\/gif;base64,R0lGODlhAQABAIAAAAAAAP\/\/\/yH5BAEAAAAALAAAAAABAAEAAAIBRAA7\" data-src=\"https:\/\/i.pinimg.com\/originals\/85\/92\/e7\/8592e78abcde31f5bd343f5c3fe8d503.png\" alt=\"\"\/><noscript><img decoding=\"async\" class=\"lazyload\" src=\"https:\/\/i.pinimg.com\/originals\/85\/92\/e7\/8592e78abcde31f5bd343f5c3fe8d503.png\" alt=\"\"\/><\/noscript><\/figure>\n<\/div>","protected":false},"excerpt":{"rendered":"<p>Tras el devastador incendio que afect\u00f3 a nuestra querida Sierra Bermeja en 2021, es momento de actuar y marcar la diferencia. El impacto del fuego en el ecosistema ha sido significativo, dejando \u00e1reas degradadas y desprovistas de vegetaci\u00f3n en las que los procesos erosivos y de desertificaci\u00f3n son muy potentes. Pero con tu ayuda, podemos [&hellip;]<\/p>\n","protected":false},"author":2,"featured_media":2650,"comment_status":"closed","ping_status":"closed","sticky":false,"template":"","format":"standard","meta":{"footnotes":""},"categories":[17],"tags":[],"class_list":["post-2649","post","type-post","status-publish","format-standard","has-post-thumbnail","hentry","category-noticias"],"yoast_head":"<!-- This site is optimized with the Yoast SEO plugin v27.0 - https:\/\/yoast.com\/product\/yoast-seo-wordpress\/ -->\n<title>\u00a1\u00danete a la gran misi\u00f3n de reforestar Sierra Bermeja! - Los Cascos Verdes<\/title>\n<meta name=\"description\" content=\"\u00a1Convi\u00e9rtete en un Casco Verde! Disfruta de un maravilloso d\u00eda de campo junto a otros voluntarios que como t\u00fa quieren repoblar el bosque.\" \/>\n<meta name=\"robots\" content=\"index, follow, max-snippet:-1, max-image-preview:large, max-video-preview:-1\" \/>\n<link rel=\"canonical\" href=\"https:\/\/loscascosverdes.org\/en\/unete-a-la-gran-mision-de-reforestar-sierra-bermeja\/\" \/>\n<meta property=\"og:locale\" content=\"en_US\" \/>\n<meta property=\"og:type\" content=\"article\" \/>\n<meta property=\"og:title\" content=\"\u00a1\u00danete a la gran misi\u00f3n de reforestar Sierra Bermeja! - Los Cascos Verdes\" \/>\n<meta property=\"og:description\" content=\"\u00a1Convi\u00e9rtete en un Casco Verde! Disfruta de un maravilloso d\u00eda de campo junto a otros voluntarios que como t\u00fa quieren repoblar el bosque.\" \/>\n<meta property=\"og:url\" content=\"https:\/\/loscascosverdes.org\/en\/unete-a-la-gran-mision-de-reforestar-sierra-bermeja\/\" \/>\n<meta property=\"og:site_name\" content=\"Los Cascos Verdes\" \/>\n<meta property=\"article:publisher\" content=\"https:\/\/facebook.com\/Cascos_Verdes\" \/>\n<meta property=\"article:published_time\" content=\"2023-08-04T11:04:45+00:00\" \/>\n<meta property=\"article:modified_time\" content=\"2023-08-04T11:06:22+00:00\" \/>\n<meta property=\"og:image\" content=\"https:\/\/loscascosverdes.org\/wp-content\/uploads\/2023\/08\/photo1667688415-1.jpeg\" \/>\n\t<meta property=\"og:image:width\" content=\"800\" \/>\n\t<meta property=\"og:image:height\" content=\"534\" \/>\n\t<meta property=\"og:image:type\" content=\"image\/jpeg\" \/>\n<meta name=\"author\" content=\"Cifal Malaga\" \/>\n<meta name=\"twitter:card\" content=\"summary_large_image\" \/>\n<meta name=\"twitter:label1\" content=\"Written by\" \/>\n\t<meta name=\"twitter:data1\" content=\"Cifal Malaga\" \/>\n\t<meta name=\"twitter:label2\" content=\"Est. reading time\" \/>\n\t<meta name=\"twitter:data2\" content=\"3 minutes\" \/>\n<script type=\"application\/ld+json\" class=\"yoast-schema-graph\">{\"@context\":\"https:\/\/schema.org\",\"@graph\":[{\"@type\":\"Article\",\"@id\":\"https:\/\/loscascosverdes.org\/unete-a-la-gran-mision-de-reforestar-sierra-bermeja\/#article\",\"isPartOf\":{\"@id\":\"https:\/\/loscascosverdes.org\/unete-a-la-gran-mision-de-reforestar-sierra-bermeja\/\"},\"author\":{\"name\":\"Cifal Malaga\",\"@id\":\"https:\/\/loscascosverdes.org\/#\/schema\/person\/180d08c87d0b63a02c33a46760a752d6\"},\"headline\":\"\u00a1\u00danete a la gran misi\u00f3n de reforestar Sierra Bermeja!\",\"datePublished\":\"2023-08-04T11:04:45+00:00\",\"dateModified\":\"2023-08-04T11:06:22+00:00\",\"mainEntityOfPage\":{\"@id\":\"https:\/\/loscascosverdes.org\/unete-a-la-gran-mision-de-reforestar-sierra-bermeja\/\"},\"wordCount\":441,\"publisher\":{\"@id\":\"https:\/\/loscascosverdes.org\/#organization\"},\"image\":{\"@id\":\"https:\/\/loscascosverdes.org\/unete-a-la-gran-mision-de-reforestar-sierra-bermeja\/#primaryimage\"},\"thumbnailUrl\":\"https:\/\/loscascosverdes.org\/wp-content\/uploads\/2023\/08\/photo1667688415-1.jpeg\",\"articleSection\":[\"Noticias\"],\"inLanguage\":\"en-US\"},{\"@type\":\"WebPage\",\"@id\":\"https:\/\/loscascosverdes.org\/unete-a-la-gran-mision-de-reforestar-sierra-bermeja\/\",\"url\":\"https:\/\/loscascosverdes.org\/unete-a-la-gran-mision-de-reforestar-sierra-bermeja\/\",\"name\":\"\u00a1\u00danete a la gran misi\u00f3n de reforestar Sierra Bermeja! - Los Cascos Verdes\",\"isPartOf\":{\"@id\":\"https:\/\/loscascosverdes.org\/#website\"},\"primaryImageOfPage\":{\"@id\":\"https:\/\/loscascosverdes.org\/unete-a-la-gran-mision-de-reforestar-sierra-bermeja\/#primaryimage\"},\"image\":{\"@id\":\"https:\/\/loscascosverdes.org\/unete-a-la-gran-mision-de-reforestar-sierra-bermeja\/#primaryimage\"},\"thumbnailUrl\":\"https:\/\/loscascosverdes.org\/wp-content\/uploads\/2023\/08\/photo1667688415-1.jpeg\",\"datePublished\":\"2023-08-04T11:04:45+00:00\",\"dateModified\":\"2023-08-04T11:06:22+00:00\",\"description\":\"\u00a1Convi\u00e9rtete en un Casco Verde! Disfruta de un maravilloso d\u00eda de campo junto a otros voluntarios que como t\u00fa quieren repoblar el bosque.\",\"breadcrumb\":{\"@id\":\"https:\/\/loscascosverdes.org\/unete-a-la-gran-mision-de-reforestar-sierra-bermeja\/#breadcrumb\"},\"inLanguage\":\"en-US\",\"potentialAction\":[{\"@type\":\"ReadAction\",\"target\":[\"https:\/\/loscascosverdes.org\/unete-a-la-gran-mision-de-reforestar-sierra-bermeja\/\"]}]},{\"@type\":\"ImageObject\",\"inLanguage\":\"en-US\",\"@id\":\"https:\/\/loscascosverdes.org\/unete-a-la-gran-mision-de-reforestar-sierra-bermeja\/#primaryimage\",\"url\":\"https:\/\/loscascosverdes.org\/wp-content\/uploads\/2023\/08\/photo1667688415-1.jpeg\",\"contentUrl\":\"https:\/\/loscascosverdes.org\/wp-content\/uploads\/2023\/08\/photo1667688415-1.jpeg\",\"width\":800,\"height\":534},{\"@type\":\"BreadcrumbList\",\"@id\":\"https:\/\/loscascosverdes.org\/unete-a-la-gran-mision-de-reforestar-sierra-bermeja\/#breadcrumb\",\"itemListElement\":[{\"@type\":\"ListItem\",\"position\":1,\"name\":\"Portada\",\"item\":\"https:\/\/loscascosverdes.org\/\"},{\"@type\":\"ListItem\",\"position\":2,\"name\":\"\u00a1\u00danete a la gran misi\u00f3n de reforestar Sierra Bermeja!\"}]},{\"@type\":\"WebSite\",\"@id\":\"https:\/\/loscascosverdes.org\/#website\",\"url\":\"https:\/\/loscascosverdes.org\/\",\"name\":\"Los Cascos Verdes\",\"description\":\"Cascos Verdes es un proyecto inspirado en los Cascos Azules de Naciones Unidas que busca abrir un espacio ciudadano para unir a miles de personas que quieran trabajar por la sostenibilidad del planeta.\",\"publisher\":{\"@id\":\"https:\/\/loscascosverdes.org\/#organization\"},\"alternateName\":\"Cascos Verdes\",\"potentialAction\":[{\"@type\":\"SearchAction\",\"target\":{\"@type\":\"EntryPoint\",\"urlTemplate\":\"https:\/\/loscascosverdes.org\/?s={search_term_string}\"},\"query-input\":{\"@type\":\"PropertyValueSpecification\",\"valueRequired\":true,\"valueName\":\"search_term_string\"}}],\"inLanguage\":\"en-US\"},{\"@type\":\"Organization\",\"@id\":\"https:\/\/loscascosverdes.org\/#organization\",\"name\":\"Los Cascos Verdes\",\"alternateName\":\"Cascos Verdes\",\"url\":\"https:\/\/loscascosverdes.org\/\",\"logo\":{\"@type\":\"ImageObject\",\"inLanguage\":\"en-US\",\"@id\":\"https:\/\/loscascosverdes.org\/#\/schema\/logo\/image\/\",\"url\":\"https:\/\/loscascosverdes.org\/wp-content\/uploads\/2023\/02\/cropped-iconolvc-1.png\",\"contentUrl\":\"https:\/\/loscascosverdes.org\/wp-content\/uploads\/2023\/02\/cropped-iconolvc-1.png\",\"width\":512,\"height\":512,\"caption\":\"Los Cascos Verdes\"},\"image\":{\"@id\":\"https:\/\/loscascosverdes.org\/#\/schema\/logo\/image\/\"},\"sameAs\":[\"https:\/\/facebook.com\/Cascos_Verdes\",\"https:\/\/www.linkedin.com\/in\/cascos-verdes-155479267\/\",\"https:\/\/www.tiktok.com\/@cascos_verdes\",\"https:\/\/www.twitch.tv\/cascos_verdes\",\"https:\/\/www.instagram.com\/cascos_verdes\/\"]},{\"@type\":\"Person\",\"@id\":\"https:\/\/loscascosverdes.org\/#\/schema\/person\/180d08c87d0b63a02c33a46760a752d6\",\"name\":\"Cifal Malaga\",\"image\":{\"@type\":\"ImageObject\",\"inLanguage\":\"en-US\",\"@id\":\"https:\/\/loscascosverdes.org\/#\/schema\/person\/image\/\",\"url\":\"https:\/\/secure.gravatar.com\/avatar\/400d3fa96e0dddab627e2d1e1ebbe03579542507f27a047d7eab869b2daaae37?s=96&d=mm&r=g\",\"contentUrl\":\"https:\/\/secure.gravatar.com\/avatar\/400d3fa96e0dddab627e2d1e1ebbe03579542507f27a047d7eab869b2daaae37?s=96&d=mm&r=g\",\"caption\":\"Cifal Malaga\"}}]}<\/script>\n<!-- \/ Yoast SEO plugin. -->","yoast_head_json":{"title":"\u00a1\u00danete a la gran misi\u00f3n de reforestar Sierra Bermeja! - Los Cascos Verdes","description":"\u00a1Convi\u00e9rtete en un Casco Verde! Disfruta de un maravilloso d\u00eda de campo junto a otros voluntarios que como t\u00fa quieren repoblar el bosque.","robots":{"index":"index","follow":"follow","max-snippet":"max-snippet:-1","max-image-preview":"max-image-preview:large","max-video-preview":"max-video-preview:-1"},"canonical":"https:\/\/loscascosverdes.org\/en\/unete-a-la-gran-mision-de-reforestar-sierra-bermeja\/","og_locale":"en_US","og_type":"article","og_title":"\u00a1\u00danete a la gran misi\u00f3n de reforestar Sierra Bermeja! - Los Cascos Verdes","og_description":"\u00a1Convi\u00e9rtete en un Casco Verde! Disfruta de un maravilloso d\u00eda de campo junto a otros voluntarios que como t\u00fa quieren repoblar el bosque.","og_url":"https:\/\/loscascosverdes.org\/en\/unete-a-la-gran-mision-de-reforestar-sierra-bermeja\/","og_site_name":"Los Cascos Verdes","article_publisher":"https:\/\/facebook.com\/Cascos_Verdes","article_published_time":"2023-08-04T11:04:45+00:00","article_modified_time":"2023-08-04T11:06:22+00:00","og_image":[{"width":800,"height":534,"url":"https:\/\/loscascosverdes.org\/wp-content\/uploads\/2023\/08\/photo1667688415-1.jpeg","type":"image\/jpeg"}],"author":"Cifal Malaga","twitter_card":"summary_large_image","twitter_misc":{"Written by":"Cifal Malaga","Est. reading time":"3 minutes"},"schema":{"@context":"https:\/\/schema.org","@graph":[{"@type":"Article","@id":"https:\/\/loscascosverdes.org\/unete-a-la-gran-mision-de-reforestar-sierra-bermeja\/#article","isPartOf":{"@id":"https:\/\/loscascosverdes.org\/unete-a-la-gran-mision-de-reforestar-sierra-bermeja\/"},"author":{"name":"Cifal Malaga","@id":"https:\/\/loscascosverdes.org\/#\/schema\/person\/180d08c87d0b63a02c33a46760a752d6"},"headline":"\u00a1\u00danete a la gran misi\u00f3n de reforestar Sierra Bermeja!","datePublished":"2023-08-04T11:04:45+00:00","dateModified":"2023-08-04T11:06:22+00:00","mainEntityOfPage":{"@id":"https:\/\/loscascosverdes.org\/unete-a-la-gran-mision-de-reforestar-sierra-bermeja\/"},"wordCount":441,"publisher":{"@id":"https:\/\/loscascosverdes.org\/#organization"},"image":{"@id":"https:\/\/loscascosverdes.org\/unete-a-la-gran-mision-de-reforestar-sierra-bermeja\/#primaryimage"},"thumbnailUrl":"https:\/\/loscascosverdes.org\/wp-content\/uploads\/2023\/08\/photo1667688415-1.jpeg","articleSection":["Noticias"],"inLanguage":"en-US"},{"@type":"WebPage","@id":"https:\/\/loscascosverdes.org\/unete-a-la-gran-mision-de-reforestar-sierra-bermeja\/","url":"https:\/\/loscascosverdes.org\/unete-a-la-gran-mision-de-reforestar-sierra-bermeja\/","name":"\u00a1\u00danete a la gran misi\u00f3n de reforestar Sierra Bermeja! - Los Cascos Verdes","isPartOf":{"@id":"https:\/\/loscascosverdes.org\/#website"},"primaryImageOfPage":{"@id":"https:\/\/loscascosverdes.org\/unete-a-la-gran-mision-de-reforestar-sierra-bermeja\/#primaryimage"},"image":{"@id":"https:\/\/loscascosverdes.org\/unete-a-la-gran-mision-de-reforestar-sierra-bermeja\/#primaryimage"},"thumbnailUrl":"https:\/\/loscascosverdes.org\/wp-content\/uploads\/2023\/08\/photo1667688415-1.jpeg","datePublished":"2023-08-04T11:04:45+00:00","dateModified":"2023-08-04T11:06:22+00:00","description":"\u00a1Convi\u00e9rtete en un Casco Verde! Disfruta de un maravilloso d\u00eda de campo junto a otros voluntarios que como t\u00fa quieren repoblar el bosque.","breadcrumb":{"@id":"https:\/\/loscascosverdes.org\/unete-a-la-gran-mision-de-reforestar-sierra-bermeja\/#breadcrumb"},"inLanguage":"en-US","potentialAction":[{"@type":"ReadAction","target":["https:\/\/loscascosverdes.org\/unete-a-la-gran-mision-de-reforestar-sierra-bermeja\/"]}]},{"@type":"ImageObject","inLanguage":"en-US","@id":"https:\/\/loscascosverdes.org\/unete-a-la-gran-mision-de-reforestar-sierra-bermeja\/#primaryimage","url":"https:\/\/loscascosverdes.org\/wp-content\/uploads\/2023\/08\/photo1667688415-1.jpeg","contentUrl":"https:\/\/loscascosverdes.org\/wp-content\/uploads\/2023\/08\/photo1667688415-1.jpeg","width":800,"height":534},{"@type":"BreadcrumbList","@id":"https:\/\/loscascosverdes.org\/unete-a-la-gran-mision-de-reforestar-sierra-bermeja\/#breadcrumb","itemListElement":[{"@type":"ListItem","position":1,"name":"Portada","item":"https:\/\/loscascosverdes.org\/"},{"@type":"ListItem","position":2,"name":"\u00a1\u00danete a la gran misi\u00f3n de reforestar Sierra Bermeja!"}]},{"@type":"WebSite","@id":"https:\/\/loscascosverdes.org\/#website","url":"https:\/\/loscascosverdes.org\/","name":"Los Cascos Verdes","description":"Cascos Verdes es un proyecto inspirado en los Cascos Azules de Naciones Unidas que busca abrir un espacio ciudadano para unir a miles de personas que quieran trabajar por la sostenibilidad del planeta.","publisher":{"@id":"https:\/\/loscascosverdes.org\/#organization"},"alternateName":"Cascos Verdes","potentialAction":[{"@type":"SearchAction","target":{"@type":"EntryPoint","urlTemplate":"https:\/\/loscascosverdes.org\/?s={search_term_string}"},"query-input":{"@type":"PropertyValueSpecification","valueRequired":true,"valueName":"search_term_string"}}],"inLanguage":"en-US"},{"@type":"Organization","@id":"https:\/\/loscascosverdes.org\/#organization","name":"Los Cascos Verdes","alternateName":"Cascos Verdes","url":"https:\/\/loscascosverdes.org\/","logo":{"@type":"ImageObject","inLanguage":"en-US","@id":"https:\/\/loscascosverdes.org\/#\/schema\/logo\/image\/","url":"https:\/\/loscascosverdes.org\/wp-content\/uploads\/2023\/02\/cropped-iconolvc-1.png","contentUrl":"https:\/\/loscascosverdes.org\/wp-content\/uploads\/2023\/02\/cropped-iconolvc-1.png","width":512,"height":512,"caption":"Los Cascos Verdes"},"image":{"@id":"https:\/\/loscascosverdes.org\/#\/schema\/logo\/image\/"},"sameAs":["https:\/\/facebook.com\/Cascos_Verdes","https:\/\/www.linkedin.com\/in\/cascos-verdes-155479267\/","https:\/\/www.tiktok.com\/@cascos_verdes","https:\/\/www.twitch.tv\/cascos_verdes","https:\/\/www.instagram.com\/cascos_verdes\/"]},{"@type":"Person","@id":"https:\/\/loscascosverdes.org\/#\/schema\/person\/180d08c87d0b63a02c33a46760a752d6","name":"Cifal Malaga","image":{"@type":"ImageObject","inLanguage":"en-US","@id":"https:\/\/loscascosverdes.org\/#\/schema\/person\/image\/","url":"https:\/\/secure.gravatar.com\/avatar\/400d3fa96e0dddab627e2d1e1ebbe03579542507f27a047d7eab869b2daaae37?s=96&d=mm&r=g","contentUrl":"https:\/\/secure.gravatar.com\/avatar\/400d3fa96e0dddab627e2d1e1ebbe03579542507f27a047d7eab869b2daaae37?s=96&d=mm&r=g","caption":"Cifal Malaga"}}]}},"_links":{"self":[{"href":"https:\/\/loscascosverdes.org\/en\/wp-json\/wp\/v2\/posts\/2649","targetHints":{"allow":["GET"]}}],"collection":[{"href":"https:\/\/loscascosverdes.org\/en\/wp-json\/wp\/v2\/posts"}],"about":[{"href":"https:\/\/loscascosverdes.org\/en\/wp-json\/wp\/v2\/types\/post"}],"author":[{"embeddable":true,"href":"https:\/\/loscascosverdes.org\/en\/wp-json\/wp\/v2\/users\/2"}],"replies":[{"embeddable":true,"href":"https:\/\/loscascosverdes.org\/en\/wp-json\/wp\/v2\/comments?post=2649"}],"version-history":[{"count":0,"href":"https:\/\/loscascosverdes.org\/en\/wp-json\/wp\/v2\/posts\/2649\/revisions"}],"wp:featuredmedia":[{"embeddable":true,"href":"https:\/\/loscascosverdes.org\/en\/wp-json\/wp\/v2\/media\/2650"}],"wp:attachment":[{"href":"https:\/\/loscascosverdes.org\/en\/wp-json\/wp\/v2\/media?parent=2649"}],"wp:term":[{"taxonomy":"category","embeddable":true,"href":"https:\/\/loscascosverdes.org\/en\/wp-json\/wp\/v2\/categories?post=2649"},{"taxonomy":"post_tag","embeddable":true,"href":"https:\/\/loscascosverdes.org\/en\/wp-json\/wp\/v2\/tags?post=2649"}],"curies":[{"name":"wp","href":"https:\/\/api.w.org\/{rel}","templated":true}]}}