{"id":2634,"date":"2023-07-25T11:09:43","date_gmt":"2023-07-25T10:09:43","guid":{"rendered":"https:\/\/loscascosverdes.org\/?p=2634"},"modified":"2023-07-25T12:09:33","modified_gmt":"2023-07-25T11:09:33","slug":"cascos-verdes-forma-a-mas-de-2-000-alumnos-de-41-centros-escolares-andaluces-en-practicas-ambientales-vinculadas-a-los-objetivos-de-desarrollo-sostenible","status":"publish","type":"post","link":"https:\/\/loscascosverdes.org\/en\/cascos-verdes-forma-a-mas-de-2-000-alumnos-de-41-centros-escolares-andaluces-en-practicas-ambientales-vinculadas-a-los-objetivos-de-desarrollo-sostenible\/","title":{"rendered":"Cascos Verdes ha formado a m\u00e1s de 2.000 alumnos de 41 centros escolares andaluces en pr\u00e1cticas ambientales vinculadas a los Objetivos de Desarrollo Sostenible."},"content":{"rendered":"<figure class=\"wp-block-image size-large\"><img decoding=\"async\" src=\"data:image\/gif;base64,R0lGODlhAQABAIAAAAAAAP\/\/\/yH5BAEAAAAALAAAAAABAAEAAAIBRAA7\" data-src=\"https:\/\/loscascosverdes.org\/wp-content\/uploads\/2023\/07\/WhatsApp-Image-2023-07-24-at-13.23.09-1024x768.jpeg\" alt=\"\" class=\"wp-image-2636 lazyload\"\/><noscript><img fetchpriority=\"high\" decoding=\"async\" width=\"1024\" height=\"768\" src=\"https:\/\/loscascosverdes.org\/wp-content\/uploads\/2023\/07\/WhatsApp-Image-2023-07-24-at-13.23.09-1024x768.jpeg\" alt=\"\" class=\"wp-image-2636 lazyload\" srcset=\"https:\/\/loscascosverdes.org\/wp-content\/uploads\/2023\/07\/WhatsApp-Image-2023-07-24-at-13.23.09-1024x768.jpeg 1024w, https:\/\/loscascosverdes.org\/wp-content\/uploads\/2023\/07\/WhatsApp-Image-2023-07-24-at-13.23.09-300x225.jpeg 300w, https:\/\/loscascosverdes.org\/wp-content\/uploads\/2023\/07\/WhatsApp-Image-2023-07-24-at-13.23.09-768x576.jpeg 768w, https:\/\/loscascosverdes.org\/wp-content\/uploads\/2023\/07\/WhatsApp-Image-2023-07-24-at-13.23.09-1536x1152.jpeg 1536w, https:\/\/loscascosverdes.org\/wp-content\/uploads\/2023\/07\/WhatsApp-Image-2023-07-24-at-13.23.09.jpeg 1600w\" sizes=\"(max-width: 1024px) 100vw, 1024px\" \/><\/noscript><\/figure>\n\n\n\n<p>Desde su puesta en marcha hace ahora tres meses, la iniciativa de educaci\u00f3n ambiental Cascos Verdes, puesta en marcha por CIFAL M\u00e1laga y Amazon con la colaboraci\u00f3n de la Junta de Andaluc\u00eda, ha formado ya a un total de 2.000 alumnos de 41 centros escolares andaluces, que han tenido la oportunidad de aprender el el desarrollo de habilidades y pr\u00e1cticas ambientales vinculadas a los Objetivos de Desarrollo Sostenible (ODS).<\/p>\n\n\n\n<p>As\u00ed lo explic\u00f3 ayer el director de CIFAL M\u00e1laga, Julio Andrade, durante una visita al taller de formaci\u00f3n que la iniciativa Cascos Verdes est\u00e1 desarrollando dentro de las actividades que Cruz Roja realiza en los campamentos de verano que acoge la entidad. Andrade ha estado acompa\u00f1ado por el presidente provincial de Cruz Roja, Luis Utrilla, y el delegado territorial de Desarrollo Educativo de la Junta de Andaluc\u00eda, Miguel Briones, que ha explicado la importancia de formar en sostenibilidad y apoyar las propuestas de microproyectos de los estudiantes en Soluciones Basadas en la Naturaleza.<\/p>\n\n\n\n<p>La iniciativa Cascos Verdes incluye una plataforma de aprendizaje online desarrollada por CIFAL M\u00e1laga-UNITAR, enfocada en la puesta en marcha de este tipo de soluciones basadas en la naturaleza. La plataforma ofrece contenidos espec\u00edficos para alumnos desde 5\u00ba de Primaria hasta 2\u00ba de Bachillerato, que les permitan aprender sobre la creaci\u00f3n, implementaci\u00f3n, ejecuci\u00f3n y divulgaci\u00f3n de proyectos de conservaci\u00f3n y restauraci\u00f3n del medio natural. Cascos Verdes es tambi\u00e9n el primer proyecto que financia Amazon en Espa\u00f1a a trav\u00e9s de su fondo <a href=\"https:\/\/sostenibilidad.aboutamazon.es\/medioambiente\/soluciones-para-la-conservacion-del-medio-natural\"><u>Right Now Climate<\/u><\/a> <a href=\"https:\/\/sostenibilidad.aboutamazon.es\/medioambiente\/soluciones-para-la-conservacion-del-medio-natural\"><u>Fund<\/u><\/a>, el mecanismo creado por la compa\u00f1\u00eda para conservar, restaurar y mejorar la naturaleza y la biodiversidad en las comunidades en las que opera. El programa piloto se est\u00e1 llevando a cabo en estrecha colaboraci\u00f3n con la Junta de Andaluc\u00eda.<\/p>\n\n\n\n<p>Todos los estudiantes que completen la formaci\u00f3n recibir\u00e1n un certificado de Cascos Verdes emitido por las Naciones Unidas, en reconocimiento a su contribuci\u00f3n en la lucha contra el cambio clim\u00e1tico y la protecci\u00f3n del medio ambiente.<\/p>\n\n\n\n<p>Durante la visita de hoy, Andrade tambi\u00e9n ha recordado que Cascos Verdes seleccionar\u00e1 y financiar\u00e1 diez microproyectos en la comunidad aut\u00f3noma andaluza que contribuyan a la conservaci\u00f3n y restauraci\u00f3n del medio natural. Esta convocatoria est\u00e1 dirigida a los centros escolares de Andaluc\u00eda, que podr\u00e1n presentar sus propuestas antes del pr\u00f3ximo 30 de octubre en la web <a href=\"https:\/\/loscascosverdes.org\/en\/microproyectos\/\"><u>https:\/\/loscascosverdes.org\/microproyectos\/<\/u><\/a>.<\/p>\n\n\n\n<p>Para participar, es necesario que al menos una clase del centro educativo haya completado el curso obligatorio de la iniciativa Casos Verdes &#8211; \u201cConoce los ODS. An\u00edmate a actuar\u201d &#8211; desarrollado por CIFAL y disponible en <a href=\"https:\/\/loscascosverdes.org\/en\/\"><u>www.loscascosverdes.org<\/u><\/a>. El centro deber\u00e1 desarrollar una idea original para un proyecto que contribuya a la conservaci\u00f3n o a la restauraci\u00f3n del medio natural, y que tenga como marco la comunidad aut\u00f3noma andaluza.<\/p>\n\n\n\n<p>Las propuestas pueden inspirarse en otros proyectos que se hayan realizado en otros lugares, adapt\u00e1ndolos a las necesidades de la zona en la que se vaya a desarrollar. Adem\u00e1s, los equipos deber\u00e1n buscar una ONG que apoye el proyecto y est\u00e9 dispuesta a colaborar. Todas las propuestas ser\u00e1n evaluadas por un jurado que tendr\u00e1 en cuenta la creatividad, la viabilidad, el compromiso y el impacto medioambiental. Los diez microproyectos seleccionados ser\u00e1n financiados con hasta 10.000 euros cada uno.<\/p>\n\n\n\n<h1 class=\"wp-block-heading\">Proyectos de sostenibilidad.<\/h1>\n\n\n\n<p>Entre los proyectos que pueden presentar los centros escolares se encuentran, por ejemplo, la creaci\u00f3n de hoteles de insectos, construcci\u00f3n de puntos de suministro de agua para fauna en el monte, creaci\u00f3n de cajas\/nido para murci\u00e9lagos, proyectos de limpieza y acondicionamiento, retirada de brotes para proporcionar un crecimiento vigoroso a los bosques, limpieza de playas, creaci\u00f3n de islas de biodiversidad en rotondas, descampados o caminos, limpieza de escombreras, plantaci\u00f3n de arboledas, etc.<\/p>\n\n\n\n<p>Adem\u00e1s de estos proyectos ambientales propuestos por los estudiantes, Cascos Verdes tambi\u00e9n trabaja en un gran proyecto de reforestaci\u00f3n en Sierra Bermeja, con el que se plantar\u00e1n m\u00e1s de 90.000 \u00e1rboles en un \u00e1rea de 500 hect\u00e1reas devastada por un incendio hace dos a\u00f1os. La primera fase de este proyecto de reforestaci\u00f3n se llev\u00f3 a cabo en abril con la siembra de 12.000 semillas por parte de estudiantes que lanzaron bolas de semillas utilizando el m\u00e9todo Nendo Dango, as\u00ed como con un dron para llegar a las zonas en las que el acceso es m\u00e1s complicado.<\/p>\n\n\n\n<p>Inspirada en los Cascos Azules de Naciones Unidas, la iniciativa Cascos Verdes pretende promover el desarrollo y puesta en marcha de proyectos de conservaci\u00f3n y restauraci\u00f3n del medio natural, apoyar econ\u00f3micamente acciones encaminadas a la transformaci\u00f3n educativa, promover entornos de aprendizaje que favorezcan cambios en la cultura organizativa de los centros, as\u00ed como la realizaci\u00f3n de acciones que favorezcan la aplicaci\u00f3n de metodolog\u00edas activas que contribuyan al cambio en las pr\u00e1cticas docentes.<\/p>\n\n\n\n<figure class=\"wp-block-gallery has-nested-images columns-default is-cropped wp-block-gallery-1 is-layout-flex wp-block-gallery-is-layout-flex\">\n<figure class=\"wp-block-image size-large\"><img decoding=\"async\" data-id=\"2639\" src=\"data:image\/gif;base64,R0lGODlhAQABAIAAAAAAAP\/\/\/yH5BAEAAAAALAAAAAABAAEAAAIBRAA7\" data-src=\"https:\/\/loscascosverdes.org\/wp-content\/uploads\/2023\/07\/WhatsApp-Image-2023-07-24-at-13.23.11-1024x768.jpeg\" alt=\"\" class=\"wp-image-2639 lazyload\"\/><noscript><img decoding=\"async\" width=\"1024\" height=\"768\" data-id=\"2639\" src=\"https:\/\/loscascosverdes.org\/wp-content\/uploads\/2023\/07\/WhatsApp-Image-2023-07-24-at-13.23.11-1024x768.jpeg\" alt=\"\" class=\"wp-image-2639 lazyload\" srcset=\"https:\/\/loscascosverdes.org\/wp-content\/uploads\/2023\/07\/WhatsApp-Image-2023-07-24-at-13.23.11-1024x768.jpeg 1024w, https:\/\/loscascosverdes.org\/wp-content\/uploads\/2023\/07\/WhatsApp-Image-2023-07-24-at-13.23.11-300x225.jpeg 300w, https:\/\/loscascosverdes.org\/wp-content\/uploads\/2023\/07\/WhatsApp-Image-2023-07-24-at-13.23.11-768x576.jpeg 768w, https:\/\/loscascosverdes.org\/wp-content\/uploads\/2023\/07\/WhatsApp-Image-2023-07-24-at-13.23.11-1536x1152.jpeg 1536w, https:\/\/loscascosverdes.org\/wp-content\/uploads\/2023\/07\/WhatsApp-Image-2023-07-24-at-13.23.11.jpeg 1600w\" sizes=\"(max-width: 1024px) 100vw, 1024px\" \/><\/noscript><figcaption class=\"wp-element-caption\">Taller de formaci\u00f3n 1<\/figcaption><\/figure>\n\n\n\n<figure class=\"wp-block-image size-large\"><img decoding=\"async\" data-id=\"2638\" src=\"data:image\/gif;base64,R0lGODlhAQABAIAAAAAAAP\/\/\/yH5BAEAAAAALAAAAAABAAEAAAIBRAA7\" data-src=\"https:\/\/loscascosverdes.org\/wp-content\/uploads\/2023\/07\/WhatsApp-Image-2023-07-24-at-13.23.12-1024x768.jpeg\" alt=\"\" class=\"wp-image-2638 lazyload\"\/><noscript><img decoding=\"async\" width=\"1024\" height=\"768\" data-id=\"2638\" src=\"https:\/\/loscascosverdes.org\/wp-content\/uploads\/2023\/07\/WhatsApp-Image-2023-07-24-at-13.23.12-1024x768.jpeg\" alt=\"\" class=\"wp-image-2638 lazyload\" srcset=\"https:\/\/loscascosverdes.org\/wp-content\/uploads\/2023\/07\/WhatsApp-Image-2023-07-24-at-13.23.12-1024x768.jpeg 1024w, https:\/\/loscascosverdes.org\/wp-content\/uploads\/2023\/07\/WhatsApp-Image-2023-07-24-at-13.23.12-300x225.jpeg 300w, https:\/\/loscascosverdes.org\/wp-content\/uploads\/2023\/07\/WhatsApp-Image-2023-07-24-at-13.23.12-768x576.jpeg 768w, https:\/\/loscascosverdes.org\/wp-content\/uploads\/2023\/07\/WhatsApp-Image-2023-07-24-at-13.23.12-1536x1152.jpeg 1536w, https:\/\/loscascosverdes.org\/wp-content\/uploads\/2023\/07\/WhatsApp-Image-2023-07-24-at-13.23.12.jpeg 1600w\" sizes=\"(max-width: 1024px) 100vw, 1024px\" \/><\/noscript><figcaption class=\"wp-element-caption\">Luis Utrilla y Julio Andrade<\/figcaption><\/figure>\n\n\n\n<figure class=\"wp-block-image size-large\"><img decoding=\"async\" data-id=\"2637\" src=\"data:image\/gif;base64,R0lGODlhAQABAIAAAAAAAP\/\/\/yH5BAEAAAAALAAAAAABAAEAAAIBRAA7\" data-src=\"https:\/\/loscascosverdes.org\/wp-content\/uploads\/2023\/07\/WhatsApp-Image-2023-07-24-at-13.23.12-1-1024x768.jpeg\" alt=\"\" class=\"wp-image-2637 lazyload\"\/><noscript><img loading=\"lazy\" decoding=\"async\" width=\"1024\" height=\"768\" data-id=\"2637\" src=\"https:\/\/loscascosverdes.org\/wp-content\/uploads\/2023\/07\/WhatsApp-Image-2023-07-24-at-13.23.12-1-1024x768.jpeg\" alt=\"\" class=\"wp-image-2637 lazyload\" srcset=\"https:\/\/loscascosverdes.org\/wp-content\/uploads\/2023\/07\/WhatsApp-Image-2023-07-24-at-13.23.12-1-1024x768.jpeg 1024w, https:\/\/loscascosverdes.org\/wp-content\/uploads\/2023\/07\/WhatsApp-Image-2023-07-24-at-13.23.12-1-300x225.jpeg 300w, https:\/\/loscascosverdes.org\/wp-content\/uploads\/2023\/07\/WhatsApp-Image-2023-07-24-at-13.23.12-1-768x576.jpeg 768w, https:\/\/loscascosverdes.org\/wp-content\/uploads\/2023\/07\/WhatsApp-Image-2023-07-24-at-13.23.12-1-1536x1152.jpeg 1536w, https:\/\/loscascosverdes.org\/wp-content\/uploads\/2023\/07\/WhatsApp-Image-2023-07-24-at-13.23.12-1.jpeg 1600w\" sizes=\"(max-width: 1024px) 100vw, 1024px\" \/><\/noscript><figcaption class=\"wp-element-caption\">Taller de formaci\u00f3n 2<\/figcaption><\/figure>\n<\/figure>","protected":false},"excerpt":{"rendered":"<p>Desde su puesta en marcha hace ahora tres meses, la iniciativa de educaci\u00f3n ambiental Cascos Verdes, puesta en marcha por CIFAL M\u00e1laga y Amazon con la colaboraci\u00f3n de la Junta de Andaluc\u00eda, ha formado ya a un total de 2.000 alumnos de 41 centros escolares andaluces, que han tenido la oportunidad de aprender el el [&hellip;]<\/p>\n","protected":false},"author":2,"featured_media":2636,"comment_status":"closed","ping_status":"closed","sticky":false,"template":"","format":"standard","meta":{"footnotes":""},"categories":[17],"tags":[],"class_list":["post-2634","post","type-post","status-publish","format-standard","has-post-thumbnail","hentry","category-noticias"],"yoast_head":"<!-- This site is optimized with the Yoast SEO plugin v27.0 - https:\/\/yoast.com\/product\/yoast-seo-wordpress\/ -->\n<title>Cascos Verdes ha formado a m\u00e1s de 2.000 alumnos de 41 centros escolares andaluces en pr\u00e1cticas ambientales vinculadas a los Objetivos de Desarrollo Sostenible. - Los Cascos Verdes<\/title>\n<meta name=\"description\" content=\"Cascos Verdes forma a 2.000 estudiantes de 41 centros Andaluces en pr\u00e1cticas ambientales vinculadas a los ODS.\" \/>\n<meta name=\"robots\" content=\"index, follow, max-snippet:-1, max-image-preview:large, max-video-preview:-1\" \/>\n<link rel=\"canonical\" href=\"https:\/\/loscascosverdes.org\/en\/cascos-verdes-forma-a-mas-de-2-000-alumnos-de-41-centros-escolares-andaluces-en-practicas-ambientales-vinculadas-a-los-objetivos-de-desarrollo-sostenible\/\" \/>\n<meta property=\"og:locale\" content=\"en_US\" \/>\n<meta property=\"og:type\" content=\"article\" \/>\n<meta property=\"og:title\" content=\"Cascos Verdes ha formado a m\u00e1s de 2.000 alumnos de 41 centros escolares andaluces en pr\u00e1cticas ambientales vinculadas a los Objetivos de Desarrollo Sostenible. - Los Cascos Verdes\" \/>\n<meta property=\"og:description\" content=\"Cascos Verdes forma a 2.000 estudiantes de 41 centros Andaluces en pr\u00e1cticas ambientales vinculadas a los ODS.\" \/>\n<meta property=\"og:url\" content=\"https:\/\/loscascosverdes.org\/en\/cascos-verdes-forma-a-mas-de-2-000-alumnos-de-41-centros-escolares-andaluces-en-practicas-ambientales-vinculadas-a-los-objetivos-de-desarrollo-sostenible\/\" \/>\n<meta property=\"og:site_name\" content=\"Los Cascos Verdes\" \/>\n<meta property=\"article:publisher\" content=\"https:\/\/facebook.com\/Cascos_Verdes\" \/>\n<meta property=\"article:published_time\" content=\"2023-07-25T10:09:43+00:00\" \/>\n<meta property=\"article:modified_time\" content=\"2023-07-25T11:09:33+00:00\" \/>\n<meta property=\"og:image\" content=\"https:\/\/loscascosverdes.org\/wp-content\/uploads\/2023\/07\/WhatsApp-Image-2023-07-24-at-13.23.09.jpeg\" \/>\n\t<meta property=\"og:image:width\" content=\"1600\" \/>\n\t<meta property=\"og:image:height\" content=\"1200\" \/>\n\t<meta property=\"og:image:type\" content=\"image\/jpeg\" \/>\n<meta name=\"author\" content=\"Cifal Malaga\" \/>\n<meta name=\"twitter:card\" content=\"summary_large_image\" \/>\n<meta name=\"twitter:label1\" content=\"Written by\" \/>\n\t<meta name=\"twitter:data1\" content=\"Cifal Malaga\" \/>\n\t<meta name=\"twitter:label2\" content=\"Est. reading time\" \/>\n\t<meta name=\"twitter:data2\" content=\"5 minutes\" \/>\n<script type=\"application\/ld+json\" class=\"yoast-schema-graph\">{\"@context\":\"https:\/\/schema.org\",\"@graph\":[{\"@type\":\"Article\",\"@id\":\"https:\/\/loscascosverdes.org\/cascos-verdes-forma-a-mas-de-2-000-alumnos-de-41-centros-escolares-andaluces-en-practicas-ambientales-vinculadas-a-los-objetivos-de-desarrollo-sostenible\/#article\",\"isPartOf\":{\"@id\":\"https:\/\/loscascosverdes.org\/cascos-verdes-forma-a-mas-de-2-000-alumnos-de-41-centros-escolares-andaluces-en-practicas-ambientales-vinculadas-a-los-objetivos-de-desarrollo-sostenible\/\"},\"author\":{\"name\":\"Cifal Malaga\",\"@id\":\"https:\/\/loscascosverdes.org\/#\/schema\/person\/180d08c87d0b63a02c33a46760a752d6\"},\"headline\":\"Cascos Verdes ha formado a m\u00e1s de 2.000 alumnos de 41 centros escolares andaluces en pr\u00e1cticas ambientales vinculadas a los Objetivos de Desarrollo Sostenible.\",\"datePublished\":\"2023-07-25T10:09:43+00:00\",\"dateModified\":\"2023-07-25T11:09:33+00:00\",\"mainEntityOfPage\":{\"@id\":\"https:\/\/loscascosverdes.org\/cascos-verdes-forma-a-mas-de-2-000-alumnos-de-41-centros-escolares-andaluces-en-practicas-ambientales-vinculadas-a-los-objetivos-de-desarrollo-sostenible\/\"},\"wordCount\":870,\"publisher\":{\"@id\":\"https:\/\/loscascosverdes.org\/#organization\"},\"image\":{\"@id\":\"https:\/\/loscascosverdes.org\/cascos-verdes-forma-a-mas-de-2-000-alumnos-de-41-centros-escolares-andaluces-en-practicas-ambientales-vinculadas-a-los-objetivos-de-desarrollo-sostenible\/#primaryimage\"},\"thumbnailUrl\":\"https:\/\/loscascosverdes.org\/wp-content\/uploads\/2023\/07\/WhatsApp-Image-2023-07-24-at-13.23.09.jpeg\",\"articleSection\":[\"Noticias\"],\"inLanguage\":\"en-US\"},{\"@type\":\"WebPage\",\"@id\":\"https:\/\/loscascosverdes.org\/cascos-verdes-forma-a-mas-de-2-000-alumnos-de-41-centros-escolares-andaluces-en-practicas-ambientales-vinculadas-a-los-objetivos-de-desarrollo-sostenible\/\",\"url\":\"https:\/\/loscascosverdes.org\/cascos-verdes-forma-a-mas-de-2-000-alumnos-de-41-centros-escolares-andaluces-en-practicas-ambientales-vinculadas-a-los-objetivos-de-desarrollo-sostenible\/\",\"name\":\"Cascos Verdes ha formado a m\u00e1s de 2.000 alumnos de 41 centros escolares andaluces en pr\u00e1cticas ambientales vinculadas a los Objetivos de Desarrollo Sostenible. - Los Cascos Verdes\",\"isPartOf\":{\"@id\":\"https:\/\/loscascosverdes.org\/#website\"},\"primaryImageOfPage\":{\"@id\":\"https:\/\/loscascosverdes.org\/cascos-verdes-forma-a-mas-de-2-000-alumnos-de-41-centros-escolares-andaluces-en-practicas-ambientales-vinculadas-a-los-objetivos-de-desarrollo-sostenible\/#primaryimage\"},\"image\":{\"@id\":\"https:\/\/loscascosverdes.org\/cascos-verdes-forma-a-mas-de-2-000-alumnos-de-41-centros-escolares-andaluces-en-practicas-ambientales-vinculadas-a-los-objetivos-de-desarrollo-sostenible\/#primaryimage\"},\"thumbnailUrl\":\"https:\/\/loscascosverdes.org\/wp-content\/uploads\/2023\/07\/WhatsApp-Image-2023-07-24-at-13.23.09.jpeg\",\"datePublished\":\"2023-07-25T10:09:43+00:00\",\"dateModified\":\"2023-07-25T11:09:33+00:00\",\"description\":\"Cascos Verdes forma a 2.000 estudiantes de 41 centros Andaluces en pr\u00e1cticas ambientales vinculadas a los ODS.\",\"breadcrumb\":{\"@id\":\"https:\/\/loscascosverdes.org\/cascos-verdes-forma-a-mas-de-2-000-alumnos-de-41-centros-escolares-andaluces-en-practicas-ambientales-vinculadas-a-los-objetivos-de-desarrollo-sostenible\/#breadcrumb\"},\"inLanguage\":\"en-US\",\"potentialAction\":[{\"@type\":\"ReadAction\",\"target\":[\"https:\/\/loscascosverdes.org\/cascos-verdes-forma-a-mas-de-2-000-alumnos-de-41-centros-escolares-andaluces-en-practicas-ambientales-vinculadas-a-los-objetivos-de-desarrollo-sostenible\/\"]}]},{\"@type\":\"ImageObject\",\"inLanguage\":\"en-US\",\"@id\":\"https:\/\/loscascosverdes.org\/cascos-verdes-forma-a-mas-de-2-000-alumnos-de-41-centros-escolares-andaluces-en-practicas-ambientales-vinculadas-a-los-objetivos-de-desarrollo-sostenible\/#primaryimage\",\"url\":\"https:\/\/loscascosverdes.org\/wp-content\/uploads\/2023\/07\/WhatsApp-Image-2023-07-24-at-13.23.09.jpeg\",\"contentUrl\":\"https:\/\/loscascosverdes.org\/wp-content\/uploads\/2023\/07\/WhatsApp-Image-2023-07-24-at-13.23.09.jpeg\",\"width\":1600,\"height\":1200},{\"@type\":\"BreadcrumbList\",\"@id\":\"https:\/\/loscascosverdes.org\/cascos-verdes-forma-a-mas-de-2-000-alumnos-de-41-centros-escolares-andaluces-en-practicas-ambientales-vinculadas-a-los-objetivos-de-desarrollo-sostenible\/#breadcrumb\",\"itemListElement\":[{\"@type\":\"ListItem\",\"position\":1,\"name\":\"Portada\",\"item\":\"https:\/\/loscascosverdes.org\/\"},{\"@type\":\"ListItem\",\"position\":2,\"name\":\"Cascos Verdes ha formado a m\u00e1s de 2.000 alumnos de 41 centros escolares andaluces en pr\u00e1cticas ambientales vinculadas a los Objetivos de Desarrollo Sostenible.\"}]},{\"@type\":\"WebSite\",\"@id\":\"https:\/\/loscascosverdes.org\/#website\",\"url\":\"https:\/\/loscascosverdes.org\/\",\"name\":\"Los Cascos Verdes\",\"description\":\"Cascos Verdes es un proyecto inspirado en los Cascos Azules de Naciones Unidas que busca abrir un espacio ciudadano para unir a miles de personas que quieran trabajar por la sostenibilidad del planeta.\",\"publisher\":{\"@id\":\"https:\/\/loscascosverdes.org\/#organization\"},\"alternateName\":\"Cascos Verdes\",\"potentialAction\":[{\"@type\":\"SearchAction\",\"target\":{\"@type\":\"EntryPoint\",\"urlTemplate\":\"https:\/\/loscascosverdes.org\/?s={search_term_string}\"},\"query-input\":{\"@type\":\"PropertyValueSpecification\",\"valueRequired\":true,\"valueName\":\"search_term_string\"}}],\"inLanguage\":\"en-US\"},{\"@type\":\"Organization\",\"@id\":\"https:\/\/loscascosverdes.org\/#organization\",\"name\":\"Los Cascos Verdes\",\"alternateName\":\"Cascos Verdes\",\"url\":\"https:\/\/loscascosverdes.org\/\",\"logo\":{\"@type\":\"ImageObject\",\"inLanguage\":\"en-US\",\"@id\":\"https:\/\/loscascosverdes.org\/#\/schema\/logo\/image\/\",\"url\":\"https:\/\/loscascosverdes.org\/wp-content\/uploads\/2023\/02\/cropped-iconolvc-1.png\",\"contentUrl\":\"https:\/\/loscascosverdes.org\/wp-content\/uploads\/2023\/02\/cropped-iconolvc-1.png\",\"width\":512,\"height\":512,\"caption\":\"Los Cascos Verdes\"},\"image\":{\"@id\":\"https:\/\/loscascosverdes.org\/#\/schema\/logo\/image\/\"},\"sameAs\":[\"https:\/\/facebook.com\/Cascos_Verdes\",\"https:\/\/www.linkedin.com\/in\/cascos-verdes-155479267\/\",\"https:\/\/www.tiktok.com\/@cascos_verdes\",\"https:\/\/www.twitch.tv\/cascos_verdes\",\"https:\/\/www.instagram.com\/cascos_verdes\/\"]},{\"@type\":\"Person\",\"@id\":\"https:\/\/loscascosverdes.org\/#\/schema\/person\/180d08c87d0b63a02c33a46760a752d6\",\"name\":\"Cifal Malaga\",\"image\":{\"@type\":\"ImageObject\",\"inLanguage\":\"en-US\",\"@id\":\"https:\/\/loscascosverdes.org\/#\/schema\/person\/image\/\",\"url\":\"https:\/\/secure.gravatar.com\/avatar\/400d3fa96e0dddab627e2d1e1ebbe03579542507f27a047d7eab869b2daaae37?s=96&d=mm&r=g\",\"contentUrl\":\"https:\/\/secure.gravatar.com\/avatar\/400d3fa96e0dddab627e2d1e1ebbe03579542507f27a047d7eab869b2daaae37?s=96&d=mm&r=g\",\"caption\":\"Cifal Malaga\"}}]}<\/script>\n<!-- \/ Yoast SEO plugin. -->","yoast_head_json":{"title":"Cascos Verdes ha formado a m\u00e1s de 2.000 alumnos de 41 centros escolares andaluces en pr\u00e1cticas ambientales vinculadas a los Objetivos de Desarrollo Sostenible. - Los Cascos Verdes","description":"Cascos Verdes forma a 2.000 estudiantes de 41 centros Andaluces en pr\u00e1cticas ambientales vinculadas a los ODS.","robots":{"index":"index","follow":"follow","max-snippet":"max-snippet:-1","max-image-preview":"max-image-preview:large","max-video-preview":"max-video-preview:-1"},"canonical":"https:\/\/loscascosverdes.org\/en\/cascos-verdes-forma-a-mas-de-2-000-alumnos-de-41-centros-escolares-andaluces-en-practicas-ambientales-vinculadas-a-los-objetivos-de-desarrollo-sostenible\/","og_locale":"en_US","og_type":"article","og_title":"Cascos Verdes ha formado a m\u00e1s de 2.000 alumnos de 41 centros escolares andaluces en pr\u00e1cticas ambientales vinculadas a los Objetivos de Desarrollo Sostenible. - Los Cascos Verdes","og_description":"Cascos Verdes forma a 2.000 estudiantes de 41 centros Andaluces en pr\u00e1cticas ambientales vinculadas a los ODS.","og_url":"https:\/\/loscascosverdes.org\/en\/cascos-verdes-forma-a-mas-de-2-000-alumnos-de-41-centros-escolares-andaluces-en-practicas-ambientales-vinculadas-a-los-objetivos-de-desarrollo-sostenible\/","og_site_name":"Los Cascos Verdes","article_publisher":"https:\/\/facebook.com\/Cascos_Verdes","article_published_time":"2023-07-25T10:09:43+00:00","article_modified_time":"2023-07-25T11:09:33+00:00","og_image":[{"width":1600,"height":1200,"url":"https:\/\/loscascosverdes.org\/wp-content\/uploads\/2023\/07\/WhatsApp-Image-2023-07-24-at-13.23.09.jpeg","type":"image\/jpeg"}],"author":"Cifal Malaga","twitter_card":"summary_large_image","twitter_misc":{"Written by":"Cifal Malaga","Est. reading time":"5 minutes"},"schema":{"@context":"https:\/\/schema.org","@graph":[{"@type":"Article","@id":"https:\/\/loscascosverdes.org\/cascos-verdes-forma-a-mas-de-2-000-alumnos-de-41-centros-escolares-andaluces-en-practicas-ambientales-vinculadas-a-los-objetivos-de-desarrollo-sostenible\/#article","isPartOf":{"@id":"https:\/\/loscascosverdes.org\/cascos-verdes-forma-a-mas-de-2-000-alumnos-de-41-centros-escolares-andaluces-en-practicas-ambientales-vinculadas-a-los-objetivos-de-desarrollo-sostenible\/"},"author":{"name":"Cifal Malaga","@id":"https:\/\/loscascosverdes.org\/#\/schema\/person\/180d08c87d0b63a02c33a46760a752d6"},"headline":"Cascos Verdes ha formado a m\u00e1s de 2.000 alumnos de 41 centros escolares andaluces en pr\u00e1cticas ambientales vinculadas a los Objetivos de Desarrollo Sostenible.","datePublished":"2023-07-25T10:09:43+00:00","dateModified":"2023-07-25T11:09:33+00:00","mainEntityOfPage":{"@id":"https:\/\/loscascosverdes.org\/cascos-verdes-forma-a-mas-de-2-000-alumnos-de-41-centros-escolares-andaluces-en-practicas-ambientales-vinculadas-a-los-objetivos-de-desarrollo-sostenible\/"},"wordCount":870,"publisher":{"@id":"https:\/\/loscascosverdes.org\/#organization"},"image":{"@id":"https:\/\/loscascosverdes.org\/cascos-verdes-forma-a-mas-de-2-000-alumnos-de-41-centros-escolares-andaluces-en-practicas-ambientales-vinculadas-a-los-objetivos-de-desarrollo-sostenible\/#primaryimage"},"thumbnailUrl":"https:\/\/loscascosverdes.org\/wp-content\/uploads\/2023\/07\/WhatsApp-Image-2023-07-24-at-13.23.09.jpeg","articleSection":["Noticias"],"inLanguage":"en-US"},{"@type":"WebPage","@id":"https:\/\/loscascosverdes.org\/cascos-verdes-forma-a-mas-de-2-000-alumnos-de-41-centros-escolares-andaluces-en-practicas-ambientales-vinculadas-a-los-objetivos-de-desarrollo-sostenible\/","url":"https:\/\/loscascosverdes.org\/cascos-verdes-forma-a-mas-de-2-000-alumnos-de-41-centros-escolares-andaluces-en-practicas-ambientales-vinculadas-a-los-objetivos-de-desarrollo-sostenible\/","name":"Cascos Verdes ha formado a m\u00e1s de 2.000 alumnos de 41 centros escolares andaluces en pr\u00e1cticas ambientales vinculadas a los Objetivos de Desarrollo Sostenible. - Los Cascos Verdes","isPartOf":{"@id":"https:\/\/loscascosverdes.org\/#website"},"primaryImageOfPage":{"@id":"https:\/\/loscascosverdes.org\/cascos-verdes-forma-a-mas-de-2-000-alumnos-de-41-centros-escolares-andaluces-en-practicas-ambientales-vinculadas-a-los-objetivos-de-desarrollo-sostenible\/#primaryimage"},"image":{"@id":"https:\/\/loscascosverdes.org\/cascos-verdes-forma-a-mas-de-2-000-alumnos-de-41-centros-escolares-andaluces-en-practicas-ambientales-vinculadas-a-los-objetivos-de-desarrollo-sostenible\/#primaryimage"},"thumbnailUrl":"https:\/\/loscascosverdes.org\/wp-content\/uploads\/2023\/07\/WhatsApp-Image-2023-07-24-at-13.23.09.jpeg","datePublished":"2023-07-25T10:09:43+00:00","dateModified":"2023-07-25T11:09:33+00:00","description":"Cascos Verdes forma a 2.000 estudiantes de 41 centros Andaluces en pr\u00e1cticas ambientales vinculadas a los ODS.","breadcrumb":{"@id":"https:\/\/loscascosverdes.org\/cascos-verdes-forma-a-mas-de-2-000-alumnos-de-41-centros-escolares-andaluces-en-practicas-ambientales-vinculadas-a-los-objetivos-de-desarrollo-sostenible\/#breadcrumb"},"inLanguage":"en-US","potentialAction":[{"@type":"ReadAction","target":["https:\/\/loscascosverdes.org\/cascos-verdes-forma-a-mas-de-2-000-alumnos-de-41-centros-escolares-andaluces-en-practicas-ambientales-vinculadas-a-los-objetivos-de-desarrollo-sostenible\/"]}]},{"@type":"ImageObject","inLanguage":"en-US","@id":"https:\/\/loscascosverdes.org\/cascos-verdes-forma-a-mas-de-2-000-alumnos-de-41-centros-escolares-andaluces-en-practicas-ambientales-vinculadas-a-los-objetivos-de-desarrollo-sostenible\/#primaryimage","url":"https:\/\/loscascosverdes.org\/wp-content\/uploads\/2023\/07\/WhatsApp-Image-2023-07-24-at-13.23.09.jpeg","contentUrl":"https:\/\/loscascosverdes.org\/wp-content\/uploads\/2023\/07\/WhatsApp-Image-2023-07-24-at-13.23.09.jpeg","width":1600,"height":1200},{"@type":"BreadcrumbList","@id":"https:\/\/loscascosverdes.org\/cascos-verdes-forma-a-mas-de-2-000-alumnos-de-41-centros-escolares-andaluces-en-practicas-ambientales-vinculadas-a-los-objetivos-de-desarrollo-sostenible\/#breadcrumb","itemListElement":[{"@type":"ListItem","position":1,"name":"Portada","item":"https:\/\/loscascosverdes.org\/"},{"@type":"ListItem","position":2,"name":"Cascos Verdes ha formado a m\u00e1s de 2.000 alumnos de 41 centros escolares andaluces en pr\u00e1cticas ambientales vinculadas a los Objetivos de Desarrollo Sostenible."}]},{"@type":"WebSite","@id":"https:\/\/loscascosverdes.org\/#website","url":"https:\/\/loscascosverdes.org\/","name":"Los Cascos Verdes","description":"Cascos Verdes es un proyecto inspirado en los Cascos Azules de Naciones Unidas que busca abrir un espacio ciudadano para unir a miles de personas que quieran trabajar por la sostenibilidad del planeta.","publisher":{"@id":"https:\/\/loscascosverdes.org\/#organization"},"alternateName":"Cascos Verdes","potentialAction":[{"@type":"SearchAction","target":{"@type":"EntryPoint","urlTemplate":"https:\/\/loscascosverdes.org\/?s={search_term_string}"},"query-input":{"@type":"PropertyValueSpecification","valueRequired":true,"valueName":"search_term_string"}}],"inLanguage":"en-US"},{"@type":"Organization","@id":"https:\/\/loscascosverdes.org\/#organization","name":"Los Cascos Verdes","alternateName":"Cascos Verdes","url":"https:\/\/loscascosverdes.org\/","logo":{"@type":"ImageObject","inLanguage":"en-US","@id":"https:\/\/loscascosverdes.org\/#\/schema\/logo\/image\/","url":"https:\/\/loscascosverdes.org\/wp-content\/uploads\/2023\/02\/cropped-iconolvc-1.png","contentUrl":"https:\/\/loscascosverdes.org\/wp-content\/uploads\/2023\/02\/cropped-iconolvc-1.png","width":512,"height":512,"caption":"Los Cascos Verdes"},"image":{"@id":"https:\/\/loscascosverdes.org\/#\/schema\/logo\/image\/"},"sameAs":["https:\/\/facebook.com\/Cascos_Verdes","https:\/\/www.linkedin.com\/in\/cascos-verdes-155479267\/","https:\/\/www.tiktok.com\/@cascos_verdes","https:\/\/www.twitch.tv\/cascos_verdes","https:\/\/www.instagram.com\/cascos_verdes\/"]},{"@type":"Person","@id":"https:\/\/loscascosverdes.org\/#\/schema\/person\/180d08c87d0b63a02c33a46760a752d6","name":"Cifal Malaga","image":{"@type":"ImageObject","inLanguage":"en-US","@id":"https:\/\/loscascosverdes.org\/#\/schema\/person\/image\/","url":"https:\/\/secure.gravatar.com\/avatar\/400d3fa96e0dddab627e2d1e1ebbe03579542507f27a047d7eab869b2daaae37?s=96&d=mm&r=g","contentUrl":"https:\/\/secure.gravatar.com\/avatar\/400d3fa96e0dddab627e2d1e1ebbe03579542507f27a047d7eab869b2daaae37?s=96&d=mm&r=g","caption":"Cifal Malaga"}}]}},"_links":{"self":[{"href":"https:\/\/loscascosverdes.org\/en\/wp-json\/wp\/v2\/posts\/2634","targetHints":{"allow":["GET"]}}],"collection":[{"href":"https:\/\/loscascosverdes.org\/en\/wp-json\/wp\/v2\/posts"}],"about":[{"href":"https:\/\/loscascosverdes.org\/en\/wp-json\/wp\/v2\/types\/post"}],"author":[{"embeddable":true,"href":"https:\/\/loscascosverdes.org\/en\/wp-json\/wp\/v2\/users\/2"}],"replies":[{"embeddable":true,"href":"https:\/\/loscascosverdes.org\/en\/wp-json\/wp\/v2\/comments?post=2634"}],"version-history":[{"count":0,"href":"https:\/\/loscascosverdes.org\/en\/wp-json\/wp\/v2\/posts\/2634\/revisions"}],"wp:featuredmedia":[{"embeddable":true,"href":"https:\/\/loscascosverdes.org\/en\/wp-json\/wp\/v2\/media\/2636"}],"wp:attachment":[{"href":"https:\/\/loscascosverdes.org\/en\/wp-json\/wp\/v2\/media?parent=2634"}],"wp:term":[{"taxonomy":"category","embeddable":true,"href":"https:\/\/loscascosverdes.org\/en\/wp-json\/wp\/v2\/categories?post=2634"},{"taxonomy":"post_tag","embeddable":true,"href":"https:\/\/loscascosverdes.org\/en\/wp-json\/wp\/v2\/tags?post=2634"}],"curies":[{"name":"wp","href":"https:\/\/api.w.org\/{rel}","templated":true}]}}